{"id":358,"date":"-0001-11-30T00:00:00","date_gmt":"2004-01-01T00:00:00","guid":{"rendered":""},"modified":"-0001-11-30T00:00:00","modified_gmt":"-0001-11-30T03:00:00","slug":"Tindo-Le-le-apresenta-desfile-de-moda-infantil","status":"publish","type":"post","link":"https:\/\/obeabadosertao.com.br\/portal\/0000\/00\/00\/Tindo-Le-le-apresenta-desfile-de-moda-infantil\/","title":{"rendered":"Tind\u00f4 L\u00ea-l\u00ea apresenta desfile de moda infantil"},"content":{"rendered":"<div id=\"tt-temp-estim\">Tempo de leitura: 1 minuto<\/div><p><B>Da reda\u00e7\u00e3o do B\u00ea-\u00e0-b\u00e1 do Sert\u00e3o<\/B> <BR><BR><B>SOUSA(PB)<\/B> &#8211; A Tind\u00f4 L\u00ea-l\u00ea, boutique de moda infantil e gestantes promoveu neste s\u00e1bado(05Jun2004), no Gin\u00e1rio do SESI\/Sousa, o seu II Mega Desfile, expondo completa cole\u00e7\u00e3o de pe\u00e7as de renomadas marcas do mundo da moda infantil. <BR><BR>Durante o evento coordenado pelo professor e core\u00f3grafo Jo\u00e3o Bosco Ara\u00fajo e prestigiado por um p\u00fablico predominantemente infantil, foi apresentada a nova cole\u00e7\u00e3o para gestantes das grifes Emma Fiorezi e By Paulienne, grifes que agrupam conforto e eleg\u00e2ncia em suas pe\u00e7as, seguida da descontra\u00e7\u00e3o e beleza do desfile das crian\u00e7as com as novas cole\u00e7\u00f5es que a Tind\u00f4 L\u00ea-l\u00ea trouxe exclusivamente para vestir o p\u00fablico infantil. <BR><BR>Na passarela as grifes, Pupi, Turma da Xuxinha, Yellow Bug, Hommer, Hering, Pampili e Kinner, foram apresentadas por modelos infantis que apresentaram ainda cal\u00e7ados, bolsas e acess\u00f3rios para deixar a turminha andando na moda. <BR><BR>Outro destaque do desfile da Tind\u00f4 L\u00ea-l\u00ea ficou por conta da apresenta\u00e7\u00e3o de modelitos para os beb\u00eas e a apresenta\u00e7\u00e3o da cole\u00e7\u00e3o Hering, grife que veste&nbsp;o b\u00e1sico da moda nacional. A loja instalada em Sousa disponibiliza ainda enxovais e quartos completos para beb\u00eas, al\u00e9m de carrinhos e os acess\u00f3rios diversos, deixando os consumidores em dia com a moda. <BR><BR><B><U>Desfile apresentou tend\u00eancia da moda junina<\/U><\/B> <BR><BR>&#8220;O S\u00e3o Jo\u00e3o est\u00e1 chegando e a Tind\u00f4 L\u00ea-l\u00ea trouxe para voc\u00ea uma cole\u00e7\u00e3o de vestidos e roupas juninas trabalhadas artesanalmente e que lhe far\u00e3o tocar fogo nos sal\u00f5es por onde passa&#8221; destacou a empres\u00e1ria Lilian Guimar\u00e3es Dami\u00e3o, propriet\u00e1ria da Tind\u00f4 L\u00ea-l\u00ea, que em pronunciamento agradeceu a presen\u00e7a das figuras da sociedade que prestigiaram o encontro da moda. <BR><BR>Encerrando o desfile junto com todos os modelos e manequins que participaram do II Mega Desfile Tind\u00f4 L\u00ea-l\u00ea, Lilian agradeceu ainda as modelos gestantes e a todos os pais, pela presen\u00e7a de seus filhos e a toda crian\u00e7ada que deu um verdadeiro show, enchendo a passarela de alegria e descontra\u00e7\u00e3o. <BR><BR>Confira conosco as imagens do desfile.<\/p>\n","protected":false},"excerpt":{"rendered":"<p>Crian\u00e7as desfilaram na passarela apresentando cole\u00e7\u00f5es de renomadas grifes.<\/p>\n","protected":false},"author":1,"featured_media":0,"comment_status":"open","ping_status":"","sticky":false,"template":"","format":"standard","meta":[],"categories":[28],"tags":[],"amp_enabled":true,"_links":{"self":[{"href":"https:\/\/obeabadosertao.com.br\/portal\/wp-json\/wp\/v2\/posts\/358"}],"collection":[{"href":"https:\/\/obeabadosertao.com.br\/portal\/wp-json\/wp\/v2\/posts"}],"about":[{"href":"https:\/\/obeabadosertao.com.br\/portal\/wp-json\/wp\/v2\/types\/post"}],"author":[{"embeddable":true,"href":"https:\/\/obeabadosertao.com.br\/portal\/wp-json\/wp\/v2\/users\/1"}],"replies":[{"embeddable":true,"href":"https:\/\/obeabadosertao.com.br\/portal\/wp-json\/wp\/v2\/comments?post=358"}],"version-history":[{"count":0,"href":"https:\/\/obeabadosertao.com.br\/portal\/wp-json\/wp\/v2\/posts\/358\/revisions"}],"wp:attachment":[{"href":"https:\/\/obeabadosertao.com.br\/portal\/wp-json\/wp\/v2\/media?parent=358"}],"wp:term":[{"taxonomy":"category","embeddable":true,"href":"https:\/\/obeabadosertao.com.br\/portal\/wp-json\/wp\/v2\/categories?post=358"},{"taxonomy":"post_tag","embeddable":true,"href":"https:\/\/obeabadosertao.com.br\/portal\/wp-json\/wp\/v2\/tags?post=358"}],"curies":[{"name":"wp","href":"https:\/\/api.w.org\/{rel}","templated":true}]}}