{"id":4099,"date":"2010-11-10T00:00:00","date_gmt":"2010-11-10T00:00:00","guid":{"rendered":""},"modified":"2020-07-25T12:32:42","modified_gmt":"2020-07-25T12:32:42","slug":"joao-pessoa-sediara-1a-etapa-do-circuito-brasileiro-profissional-de-street-skate","status":"publish","type":"post","link":"https:\/\/obeabadosertao.com.br\/portal\/2010\/11\/10\/joao-pessoa-sediara-1a-etapa-do-circuito-brasileiro-profissional-de-street-skate\/","title":{"rendered":"Jo\u00e3o Pessoa sediar\u00e1 1\u00aa etapa do Circuito Brasileiro Profissional de Street Skate"},"content":{"rendered":"<div id=\"tt-temp-estim\">Tempo de leitura: 5 minutos<\/div><p style=\"text-align: justify;\"><span style=\"font-size: small;\"><span style=\"font-family: Verdana;\"><br \/>\n<strong>Jo\u00e3o Pessoa(PB) &#8211;<\/strong> Pelo segundo ano consecutivo, a cidade de Jo\u00e3o Pessoa\/PB ser\u00e1 palco de um dos grandes eventos esportivos do calend\u00e1rio do Circuito Brasileiro Profissional de Street Skate, o Myllys Skate Pro 2010. Programado para acontecer nos dias 27 e 28 de novembro, o evento valer\u00e1 como uma das etapas do Circuito Profissional e reunir\u00e1 nomes consagrados da nata do skate nacional, num show de adrenalina e manobras radicais.<\/span><\/span><\/p>\n<p><img fetchpriority=\"high\" decoding=\"async\" height=\"311\" width=\"465\" align=\"absMiddle\" alt=\"\" src=\"\/UserFiles\/Image\/esportes\/eventos\/joao_pessoa_pb_skate_plaza_manaira_465.jpg\"><\/p>\n<p>O local escolhido para a competi\u00e7\u00e3o foi a pista p\u00fablica da cidade, a Skate Plaza Mana\u00edra. Famosa por ser uma das \u00fanicas pistas do Brasil constru\u00edda como uma esp\u00e9cie de pra\u00e7a adaptada para o skate, a Plaza possuitr\u00eas n\u00edveis de altura, uma mini ramp em forma de U, al\u00e9m de transi\u00e7\u00f5es, caixotes, escadarias, rampas retas, corrim\u00e3os, etc. Essa variedade de obst\u00e1culos da Plaza foi um dos atrativos que agradou a muitos competidores que participaram da edi\u00e7\u00e3o anterior do evento(<span style=\"font-family: Arial;\">em 2009<\/span>). Al\u00e9m do \u00f3timo clima e receptividade do p\u00fablico paraibano.<\/p>\n<p>A competi\u00e7\u00e3o ser\u00e1 realizada no formato Jam Session, um dos mais utilizados atualmente(<span style=\"font-family: Arial;\">onde os competidores s\u00e3o divididos por baterias e, simultaneamente, se apresentam pela \u00e1rea de competi\u00e7\u00e3o<\/span>). A premia\u00e7\u00e3o para a disputa principal do evento ser\u00e1 de R$20 mil(<span style=\"font-family: Arial;\">vinte mil reais<\/span>) distribu\u00eddos entre os 15 primeiros colocados. Ainda durante o evento ser\u00e1 realizado o Best Trick TV Cabo Branco, onde o vencedor ser\u00e1 premiado com uma TV 42\u2019.<\/p>\n<p><span style=\"font-size: small;\"><span style=\"font-family: Verdana;\"><img decoding=\"async\" align=\"absMiddle\" src=\"\/UserFiles\/Image\/esportes\/eventos\/joao_pessoa_pb_myllys_skate_pro2010_rodil_ferrugem_360_flip_465.jpg\" alt=\"\"><br \/>\n<\/span><\/span><\/p>\n<div style=\"text-align: justify;\"><span style=\"font-size: small;\"><span style=\"font-family: Verdana;\">Alguns destaques do skate nacional e mundial j\u00e1 s\u00e3o esperados na competi\u00e7\u00e3o como os paulistas Lucas \u201c<em>Xaparral<\/em>\u201d, Diego Oliveira, Rodrigo Leal \u201c<em>Maizena<\/em>\u201d e Laurence Reali, campe\u00e3o da edi\u00e7\u00e3o realizada em 2009, o ga\u00facho Paulo Correa \u201c<em>Galera<\/em>\u201d e os paranaenses Danilo do Ros\u00e1rio, os irm\u00e3os Wagner Ramos e Rodolfo Ramos \u201c<em>Gugu<\/em>\u201d, e o bicampe\u00e3o mundial Rodil Jr. \u201c<em>Ferrugem<\/em>\u201d, <\/span><\/span><span style=\"font-size: small;\"><span style=\"font-family: Verdana;\">que em 2009 conquistou o d\u00e9cimo t\u00edtulo brasileiro na competi\u00e7\u00e3o, marco in\u00e9dito na hist\u00f3ria do skate brasileiro.<\/span><\/span><\/p>\n<p><span style=\"font-size: small;\"><span style=\"font-family: Verdana;\">As inscri\u00e7\u00f5es j\u00e1 est\u00e3o abertas e o valor da inscri\u00e7\u00e3o antecipada ser\u00e1 de R$ 100,00(<span style=\"font-family: Arial;\">cem reais<\/span>) para quem se inscrever at\u00e9 quinta-feira(<span style=\"font-family: Arial;\">25 de novembro<\/span>) \u00e0s 23h e 59min e de R$ 140,00(<span style=\"font-family: Arial;\">cento e quarenta reais<\/span>) no local do evento, a partir de sexta-feira(<span style=\"font-family: Arial;\">26 de novembro<\/span>).<\/span><\/span><\/p>\n<p>Lembrando que para as inscri\u00e7\u00f5es antecipadas n\u00e3o ser\u00e1 necess\u00e1rio pagamento antecipado. Basta os atletas preencherem todos os dados abaixo e enviar para o email: <span><a href=\"mailto:esporte@cbsk.com.br\"><span style=\"font-size: small;\"><span style=\"font-family: Verdana;\">esporte@cbsk.com.br<\/span><\/span><\/a><\/span><span style=\"font-size: small;\"><span style=\"font-family: Verdana;\"> at\u00e9 23h e 59min da quinta-feira(<span style=\"font-family: Arial;\">25Novembro2010<\/span>).<\/span><\/span><\/p>\n<p><span style=\"font-size: small;\"><span style=\"font-family: Verdana;\"> NOME<\/span><\/span><\/p>\n<p>APELIDO<\/p>\n<p>IDADE<\/p>\n<p>CPF<\/p>\n<p>DATA NASCIMENTO<\/p>\n<p>CIDADE E ESTADO ONDE NASCEU<\/p>\n<p>CIDADE E ESTADO ONDE MORA<\/p>\n<p>ENDERE\u00c7O COMPLETO (<span style=\"font-family: Arial;\">com cep<\/span>)<\/p>\n<p><span style=\"font-size: small;\"><span style=\"font-family: Verdana;\"> FONES<\/span><\/span><\/p>\n<p>EMAIL<\/p>\n<p>PATROC\u00cdNIOS<\/p>\n<p>APOIO<\/p>\n<p><span style=\"font-size: small;\"><span style=\"font-family: Verdana;\"><br \/>\n\u00c9 importante que todos os dados sejam preenchidos. Os atletas que reservarem suas inscri\u00e7\u00f5es, antecipadamente, al\u00e9m de terem o benef\u00edcio de pagar R$ 100,00(<span style=\"font-family: Arial;\">cem reais<\/span>) pela inscri\u00e7\u00e3o, ter\u00e3o prioridade no atendimento na chegadaao evento e dever\u00e3o se dirigir ao credenciamento para confirmarem a presen\u00e7a, pagarem os R$ 100,00(<span style=\"font-family: Arial;\">cem reais<\/span>) e retirarem suas credenciais.<\/span><\/span><\/p>\n<p><span style=\"font-size: small;\"><span style=\"font-family: Verdana;\"><br \/>\n<strong><span style=\"color: rgb(0, 0, 255);\"><span style=\"font-size: large;\"><span style=\"font-family: Arial;\"><u>Vila Inclus\u00e3o Radical<\/u><\/span><\/span><\/span><\/strong><br \/>\nDiferentemente das outras edi\u00e7\u00f5es, o Myllys Skate Pro 2010 traz a Vila Inclus\u00e3o Radical. O p\u00fablico, al\u00e9m de prestigiar o campeonato, ter\u00e1 a oportunidade de participar de diversas atividades durante os dois dias de competi\u00e7\u00e3o. Ser\u00e3o oficinas de Skate(<span style=\"font-family: Arial;\">com a participa\u00e7\u00e3o dos alunos do projeto social Inclus\u00e3o Radical<\/span>), DJ, Brinquedos Reciclados, Grafitagem, Penteado Afro, al\u00e9m de mostra de v\u00eddeos(<span style=\"font-family: Arial;\">produ\u00e7\u00f5es locais<\/span>) e shows.<\/span><\/span><\/p>\n<p><span style=\"font-size: small;\"><span style=\"font-family: Verdana;\"> As oficinas t\u00eam um papel importante no aprendizado e lazer dos inscritos, pois \u00e9 uma boa oportunidade para eles se divertirem, conhecendo um pouco sobre uma determinada atividade e sua \u00e1rea de atua\u00e7\u00e3o no mercado.<\/span><\/span><\/p>\n<p><img decoding=\"async\" height=\"311\" width=\"465\" align=\"absMiddle\" src=\"\/UserFiles\/Image\/esportes\/eventos\/joao_pessoa_pb_myllys_skate_pro2010_laurence_reali_nollie_bs_crooked_465.jpg\" alt=\"\"><\/p>\n<p>As inscri\u00e7\u00f5es para as oficinas, que ter\u00e3o um limite de 25 vagas por atividade, ser\u00e3o gratuitas e dever\u00e3o ser feitas no local do evento.<\/p>\n<p><span style=\"font-size: small;\"><span style=\"font-family: Verdana;\"><br \/>\nConfira abaixo o cronograma das atividades para todos os dias do Myllys Skate Pro 2010:<\/span><\/span><\/p>\n<p><span style=\"color: rgb(0, 0, 255);\"><span style=\"font-size: large;\"><span style=\"font-family: Arial;\"><b><u>CRONOGRAMA DO EVENTO<\/u><\/b><\/span><\/span><\/span><\/p>\n<p><span style=\"font-size: small;\"><span style=\"font-family: Verdana;\"> <span style=\"font-size: medium;\"><span style=\"font-family: Arial;\"><b>26 de novembro (sexta-feira)<\/b><\/span><\/span><br \/>\n15h00m \u00e0s 20h00m &#8211; Treinos livres para inscritos<\/span><\/span><\/p>\n<p><span style=\"font-size: medium;\"><span style=\"font-family: Arial;\"><b>27 de novembro (s\u00e1bado)<\/b><\/span><\/span><br \/>\nTreinos, eliminat\u00f3rias e oficinas<\/p>\n<p><span style=\"font-size: small;\"><span style=\"font-family: Verdana;\"><b> * Vila Inclus\u00e3o Radical<\/b><br \/>\n09h00m \u00e0s 11h00m &#8211; Skate<br \/>\n09h00m \u00e0s 11h00m &#8211; Oficina de DJ<br \/>\n11h00m \u00e0s 12h00m &#8211; Oficina de duelo de rimas<br \/>\n14h00m \u00e0s 16h00m &#8211; Oficina de Break<br \/>\n14h00m \u00e0s 16h00m &#8211; Oficina de Shape<br \/>\n18h00m \u00e0s 20h00m &#8211; Mostra de V\u00eddeos(<span style=\"font-family: Arial;\">produ\u00e7\u00f5es locais<\/span>)<br \/>\n21h00m \u00e0s 23h00m &#8211; Shows<\/span><\/span><\/p>\n<p><span style=\"font-size: small;\"><span style=\"font-family: Verdana;\"><b> * Competi\u00e7\u00f5es<\/b><br \/>\n15h00m \u00e0s 17h00m &#8211; Treinos Livres<br \/>\n17h00m &#8211; Eliminat\u00f3rias<\/span><\/span><\/p>\n<p><span style=\"font-size: medium;\"><span style=\"font-family: Arial;\"><b>28 de novembro(domingo) Semifinal e final<\/b><\/span><\/span><\/p>\n<p><span style=\"font-size: small;\"><span style=\"font-family: Verdana;\"><b> * Vila Inclus\u00e3o Radical<\/b><br \/>\n09h00m \u00e0s 11h00m \u2013 Skate<br \/>\n09h00m \u00e0s 11h00m \u2013 Oficina de DJ<br \/>\n14h00m \u00e0s 16h00m \u2013 Grafitagem<br \/>\n14h00m \u00e0s 16h00m \u2013 Oficina de Penteado Afro<br \/>\n19h00m \u00e0s 21h00m \u2013 Shows<\/span><\/span><\/p>\n<p>* <b>Competi\u00e7\u00f5es<\/b><br \/>\n15h00m \u2013 treinos para semifinalistas<br \/>\n16h30m \u00e0s 18h00m \u2013 Semifinais<br \/>\n18h30m \u00e0s 19h00m \u2013 Final<br \/>\n19h30m \u2013 Entrega de premia\u00e7\u00f5es<\/p>\n<p><span style=\"font-size: small;\"><span style=\"font-family: Verdana;\"><span style=\"color: rgb(0, 0, 255);\"><span style=\"font-size: large;\"><span style=\"font-family: Arial;\"><u><strong> Myllys Skate Pro<\/strong><\/u><\/span><\/span><\/span><br \/>\nRealizado pela Myllys desde 2007, o evento se fixou no calend\u00e1rio das grandes competi\u00e7\u00f5es de skate do pa\u00eds, fortalecendo a pr\u00e1tica do esporte e dando uma forte contribui\u00e7\u00e3o para manter acesa a chama do Circuito Brasileiro Profissional de Skate.<br \/>\n<\/span><\/span><br \/>\n<span style=\"font-size: small;\"><span style=\"font-family: Verdana;\"><br \/>\nO Myllys Skate Pro 2010 conta com a homologa\u00e7\u00e3o da Confedera\u00e7\u00e3o Brasileira de Skate(<span style=\"font-family: Arial;\">CBSK<\/span>), realiza\u00e7\u00e3o da Myllys Skateboard, patroc\u00ednio da Prefeitura Municipal de Jo\u00e3o Pessoa, SEBRAE, TV Cabo Branco, Faculdade Mauricio de Nassau, Myllys, Style Door, apoio Mana\u00edra Shopping, Restaurante Divino Fog\u00e3o, Hotel Ambassador Flat e Mano Black.<\/span><\/span><\/p>\n<p><img decoding=\"async\" align=\"absMiddle\" src=\"\/UserFiles\/Image\/esportes\/eventos\/joao_pessoa_pb_myllys_skate_pro2010_cartaz_465.jpg\" alt=\"\"><br \/>\n<span style=\"font-size: small;\"><span style=\"font-family: Verdana;\"><br \/>\nO evento ter\u00e1 cobertura especial da TV Cabo Branco, do Canal ESPN(<span style=\"font-family: Arial;\">Programa Skate Paradise<\/span>), <\/span><\/span><a href=\"http:\/\/www.myllys.com.br\/\"><span style=\"font-size: small;\"><span style=\"font-family: Verdana;\">www.myllys.com.br<\/span><\/span><\/a><span style=\"font-size: small;\"><span style=\"font-family: Verdana;\">, Revista Tribo Skate e cobertura no site <\/span><\/span><a href=\"http:\/\/www.triboskate.com.br\/\"><span style=\"font-size: small;\"><span style=\"font-family: Verdana;\">www.triboskate.com.br<\/span><\/span><\/a><span style=\"font-size: small;\"><span style=\"font-family: Verdana;\">, <\/span><\/span><a href=\"http:\/\/www.cemporcentoskate.com.br\/\"><span style=\"font-size: small;\"><span style=\"font-family: Verdana;\">www.cemporcentoskate.com.br<\/span><\/span><\/a><span style=\"font-size: small;\"><span style=\"font-family: Verdana;\">, Jornal Mo\u00e7ada que Agita e transmiss\u00e3o ao vivo pela internet atrav\u00e9s da Stream\u2019live.<\/span><\/span><\/p>\n<p>Para outras informa\u00e7\u00f5es acesse <a href=\"http:\/\/www.myllys.com.br\/\"><span style=\"font-size: small;\"><span style=\"font-family: Verdana;\">www.myllys.com.br<\/span><\/span><\/a><span style=\"font-size: small;\"><span style=\"font-family: Verdana;\">, <\/span><\/span><a href=\"http:\/\/www.cbsk.com.br\/\"><span style=\"font-size: small;\"><span style=\"font-family: Verdana;\">www.cbsk.com.br<\/span><\/span><\/a><span style=\"font-size: small;\"><span style=\"font-family: Verdana;\"> ou atrav\u00e9s dos emails: <\/span><\/span><a href=\"mailto:esporte@cbsk.com.br\"><span style=\"font-size: small;\"><span style=\"font-family: Verdana;\">esporte@cbsk.com.br<\/span><\/span><\/a><span style=\"font-size: small;\"><span style=\"font-family: Verdana;\"> e\/ou <\/span><\/span><a href=\"mailto:comunicacao@cbsk.com.br\"><span style=\"font-size: small;\"><span style=\"font-family: Verdana;\">comunicacao@cbsk.com.br<\/span><\/span><\/a><span style=\"font-size: small;\"><span style=\"font-family: Verdana;\"><\/span><\/span><\/p>\n<p><span style=\"color: rgb(255, 0, 0);\"><span style=\"font-size: x-small;\"><span style=\"font-family: Arial;\"><strong><em><br \/>\n* Com Sabrina Neto(Jornalista).<\/em><\/strong><\/span><\/span><\/span><\/p>\n<\/div>\n<p>&nbsp;<\/p>\n","protected":false},"excerpt":{"rendered":"<p>Tempo de leitura: 5 minutos Jo\u00e3o Pessoa(PB) &#8211; Pelo segundo ano consecutivo, a cidade de Jo\u00e3o Pessoa\/PB ser\u00e1 palco de [&hellip;]<\/p>\n","protected":false},"author":1,"featured_media":0,"comment_status":"open","ping_status":"open","sticky":false,"template":"","format":"standard","meta":[],"categories":[35],"tags":[],"amp_enabled":true,"_links":{"self":[{"href":"https:\/\/obeabadosertao.com.br\/portal\/wp-json\/wp\/v2\/posts\/4099"}],"collection":[{"href":"https:\/\/obeabadosertao.com.br\/portal\/wp-json\/wp\/v2\/posts"}],"about":[{"href":"https:\/\/obeabadosertao.com.br\/portal\/wp-json\/wp\/v2\/types\/post"}],"author":[{"embeddable":true,"href":"https:\/\/obeabadosertao.com.br\/portal\/wp-json\/wp\/v2\/users\/1"}],"replies":[{"embeddable":true,"href":"https:\/\/obeabadosertao.com.br\/portal\/wp-json\/wp\/v2\/comments?post=4099"}],"version-history":[{"count":1,"href":"https:\/\/obeabadosertao.com.br\/portal\/wp-json\/wp\/v2\/posts\/4099\/revisions"}],"predecessor-version":[{"id":9123,"href":"https:\/\/obeabadosertao.com.br\/portal\/wp-json\/wp\/v2\/posts\/4099\/revisions\/9123"}],"wp:attachment":[{"href":"https:\/\/obeabadosertao.com.br\/portal\/wp-json\/wp\/v2\/media?parent=4099"}],"wp:term":[{"taxonomy":"category","embeddable":true,"href":"https:\/\/obeabadosertao.com.br\/portal\/wp-json\/wp\/v2\/categories?post=4099"},{"taxonomy":"post_tag","embeddable":true,"href":"https:\/\/obeabadosertao.com.br\/portal\/wp-json\/wp\/v2\/tags?post=4099"}],"curies":[{"name":"wp","href":"https:\/\/api.w.org\/{rel}","templated":true}]}}