{"id":447,"date":"-0001-11-30T00:00:00","date_gmt":"2004-12-15T00:00:00","guid":{"rendered":""},"modified":"-0001-11-30T00:00:00","modified_gmt":"-0001-11-30T03:00:00","slug":"Confraria-dos-Parasitas-do-Calcadao-realiza-encontro-anual","status":"publish","type":"post","link":"https:\/\/obeabadosertao.com.br\/portal\/0000\/00\/00\/Confraria-dos-Parasitas-do-Calcadao-realiza-encontro-anual\/","title":{"rendered":"Confraria dos Parasitas do Cal\u00e7ad\u00e3o realiza encontro anual"},"content":{"rendered":"<div id=\"tt-temp-estim\">Tempo de leitura: 2 minutos<\/div><p><P class=MsoNormal style=\"MARGIN: 0cm 0cm 0pt; TEXT-ALIGN: justify\"><B style=\"mso-bidi-font-weight: normal\"><I style=\"mso-bidi-font-style: normal\"><SPAN style=\"FONT-SIZE: 10pt; FONT-FAMILY: Verdana\">Da reda\u00e7\u00e3o do B\u00ea-a-b\u00e1 do Sert\u00e3o<?xml:namespace prefix = o ns = \"urn:schemas-microsoft-com:office:office\" \/><o:p><\/o:p><\/SPAN><\/I><\/B><\/P><br \/>\n<P class=MsoNormal style=\"MARGIN: 0cm 0cm 0pt; TEXT-ALIGN: justify\"><SPAN style=\"FONT-SIZE: 10pt; FONT-FAMILY: Verdana\"><o:p>&nbsp;<\/o:p><\/SPAN><\/P><br \/>\n<P class=MsoNormal style=\"MARGIN: 0cm 0cm 0pt; TEXT-ALIGN: justify\"><SPAN style=\"FONT-SIZE: 10pt; FONT-FAMILY: Verdana\"><o:p>&nbsp;<\/o:p><\/SPAN><\/P><br \/>\n<P class=MsoNormal style=\"MARGIN: 0cm 0cm 0pt; TEXT-ALIGN: justify\"><B style=\"mso-bidi-font-weight: normal\"><SPAN style=\"FONT-SIZE: 10pt; FONT-FAMILY: Verdana\">Sousa(PB) \u2013 <\/SPAN><\/B><SPAN style=\"FONT-SIZE: 10pt; FONT-FAMILY: Verdana\">Integrantes da <SPAN class=textlightmateria>Confraria &#8220;Parasitas do Cal\u00e7ad\u00e3o&#8221; estiveram reunidos neste s\u00e1bado(11Dez2004), pelo nono ano consecutivo, marcando com muita festa o encontro oficial de final do ano dos freq\u00fcentadores do Cal\u00e7ad\u00e3o, do centro da cidade de Sousa, em&nbsp;evento&nbsp;prestigiado por profissionais liberais, empres\u00e1rios, pol\u00edticos e por grande n\u00famero do ecl\u00e9tico quadro de&nbsp;s\u00f3cios-frequentadores da confraria.<o:p><\/o:p><\/SPAN><\/SPAN><\/P><br \/>\n<P class=MsoNormal style=\"MARGIN: 0cm 0cm 0pt; TEXT-ALIGN: justify\"><SPAN style=\"FONT-SIZE: 10pt; FONT-FAMILY: Verdana\"><BR><SPAN class=textlightmateria>O Cal\u00e7ad\u00e3o, local do encontro, reconhecido na cidade de Sousa como uma esp\u00e9cie de &#8220;boca maldita&#8221; no estilo interiorano \u00e9&nbsp;ponto de encontro de pessoas da sociedade sousense e re\u00fane diariamente um p\u00fablico diversificado que para l\u00e1 converge para degustar um cafezinho, fazer um lanche ou mesmo saborear uma cerveja e passar a limpo os assuntos da cidade, revelando ser o local um ponto social prestigiado por frequentadores de diferentes classes sociais.<o:p><\/o:p><\/SPAN><\/SPAN><\/P><br \/>\n<P class=MsoNormal style=\"MARGIN: 0cm 0cm 0pt; TEXT-ALIGN: justify\"><SPAN style=\"FONT-SIZE: 10pt; FONT-FAMILY: Verdana\"><BR><SPAN class=textlightmateria>A Confraria foi fundada h\u00e1 nove anos e teve seu estatuto assinado pelo quinteto <\/SPAN>Tico Coura, Mundinho de Nezinho, Dr. P\u00e9ricles Neves, Chico de Anorzinho, Valdeban Medeiros e Eilzo Matos, <SPAN class=textlightmateria>numa \u00e9poca em que ocorria uma acirrada disputa entre as equipes de futebol de campo do Sousa Esporte Clube, versus Sociedade Esportiva de Sousa. No auge da crise, a troca de futricas futebol\u00edsticas entre os torcedores das equipes, provocou a funda\u00e7\u00e3o da Confraria dos &#8220;Parasitas do Cal\u00e7ad\u00e3o&#8221;, em alus\u00e3o aos freq\u00fcentadores. <o:p><\/o:p><\/SPAN><\/SPAN><\/P><br \/>\n<P class=MsoNormal style=\"MARGIN: 0cm 0cm 0pt; TEXT-ALIGN: justify\"><SPAN style=\"FONT-SIZE: 10pt; FONT-FAMILY: Verdana\"><BR><SPAN class=textlightmateria>O B\u00ea-a-b\u00e1 retornou mais uma vez a confraterniza\u00e7\u00e3o, muito bem organizada pelo abnegado coordenador Chico de Arnozinho. O encontro 2004, transcorreu em clima de muita cerveja(Nova Schin), churrasco e m\u00fasica ao vivo com a banda Spedo Rey e participa\u00e7\u00e3o especial do m\u00e9dico Assis Batista. Os participantes receberam certificados de participa\u00e7\u00e3o da festa, cuja entidade \u00e9 registrada em cart\u00f3rio e possui livro de ata e diretoria pr\u00f3pria.<o:p><\/o:p><\/SPAN><\/SPAN><\/P><br \/>\n<P class=MsoNormal style=\"MARGIN: 0cm 0cm 0pt; TEXT-ALIGN: justify\"><SPAN class=textlightmateria><SPAN style=\"FONT-SIZE: 10pt; FONT-FAMILY: Verdana\"><o:p><\/o:p><\/SPAN><\/SPAN><\/P><br \/>\n<P class=MsoNormal style=\"MARGIN: 0cm 0cm 0pt; TEXT-ALIGN: justify\"><SPAN class=textlightmateria><SPAN style=\"FONT-SIZE: 10pt; FONT-FAMILY: Verdana\"><\/SPAN><\/SPAN>&nbsp;<\/P><br \/>\n<P class=MsoNormal style=\"MARGIN: 0cm 0cm 0pt; TEXT-ALIGN: justify\"><SPAN class=textlightmateria><SPAN style=\"FONT-SIZE: 10pt; FONT-FAMILY: Verdana\">Confira conosco o estatuto oficial da Confraria dos \u201cParasitas do Cal\u00e7ad\u00e3o\u201d e ao final as imagens.<\/SPAN><\/SPAN><SPAN style=\"FONT-SIZE: 10pt; FONT-FAMILY: Verdana\"><BR style=\"mso-special-character: line-break\"><BR style=\"mso-special-character: line-break\"><\/SPAN><B style=\"mso-bidi-font-weight: normal\"><SPAN style=\"FONT-SIZE: 10pt; FONT-FAMILY: Verdana\"><o:p>&nbsp;<\/o:p><\/SPAN><\/B><\/P><br \/>\n<P class=MsoNormal style=\"MARGIN: 0cm 0cm 0pt; TEXT-ALIGN: center\" align=center><B style=\"mso-bidi-font-weight: normal\"><U><SPAN style=\"FONT-FAMILY: Verdana\"><FONT size=4><FONT color=#0000ff>CONFRARIA PARASITAS DO CAL\u00c7AD\u00c3O<o:p><\/o:p><\/FONT><\/FONT><\/SPAN><\/U><\/B><\/P><br \/>\n<P class=MsoNormal style=\"MARGIN: 0cm 0cm 0pt; TEXT-ALIGN: center\" align=center><B style=\"mso-bidi-font-weight: normal\"><U><SPAN style=\"FONT-FAMILY: Verdana\"><FONT size=4><FONT color=#0000ff>Estatuto<o:p><\/o:p><\/FONT><\/FONT><\/SPAN><\/U><\/B><\/P><br \/>\n<P class=MsoNormal style=\"MARGIN: 0cm 0cm 0pt; TEXT-ALIGN: center\" align=center><B style=\"mso-bidi-font-weight: normal\"><U><SPAN style=\"FONT-FAMILY: Verdana\"><o:p><SPAN style=\"TEXT-DECORATION: none\"><FONT size=3><\/FONT><\/SPAN><\/o:p><\/SPAN><\/U><\/B><\/P><br \/>\n<P class=MsoNormal style=\"MARGIN: 0cm 0cm 0pt; TEXT-ALIGN: justify\"><SPAN style=\"FONT-SIZE: 10pt; FONT-FAMILY: Verdana\"><\/SPAN>&nbsp;<\/P><br \/>\n<P class=MsoNormal style=\"MARGIN: 0cm 0cm 0pt; TEXT-ALIGN: justify\"><SPAN style=\"FONT-SIZE: 10pt; FONT-FAMILY: Verdana\">A <EM>Confraria Parasitas do Cal\u00e7ad\u00e3o<\/EM> \u00e9 uma entidade s\u00e1tiro-humorista, sem fins lucrativos, composta de membros de todos os segmentos sociais visando preencher o tempo ocioso entre os que trabalham e os que n\u00e3o trabalham, na tentativa de contra-balancear os espa\u00e7os entre os que criticam e os que s\u00e3o criticados, e se reger\u00e1 pelos Estatutos abaixo:<o:p><\/o:p><\/SPAN><\/P><br \/>\n<P class=MsoNormal style=\"MARGIN: 0cm 0cm 0pt; TEXT-ALIGN: justify\"><SPAN style=\"FONT-SIZE: 10pt; FONT-FAMILY: Verdana\"><o:p>&nbsp;<\/o:p><\/SPAN><\/P><br \/>\n<P class=MsoNormal style=\"MARGIN: 0cm 0cm 0pt; TEXT-ALIGN: justify\"><SPAN style=\"FONT-SIZE: 10pt; FONT-FAMILY: Verdana\"><STRONG>Art. 1\u00ba<\/STRONG> &#8211; Todos os membros gozar\u00e3o de ampla e irrestrita liberdade de express\u00e3o, aonde tudo valer\u00e1, menos falar da m\u00e3e do pr\u00f3ximo;<o:p><\/o:p><\/SPAN><\/P><br \/>\n<P class=MsoNormal style=\"MARGIN: 0cm 0cm 0pt; TEXT-ALIGN: justify\"><SPAN style=\"FONT-SIZE: 10pt; FONT-FAMILY: Verdana\"><o:p>&nbsp;<\/o:p><\/SPAN><\/P><br \/>\n<P class=MsoNormal style=\"MARGIN: 0cm 0cm 0pt; TEXT-ALIGN: justify\"><SPAN style=\"FONT-SIZE: 10pt; FONT-FAMILY: Verdana\"><STRONG>Art. 2\u00ba<\/STRONG> &#8211; Como vale tudo, vale xingar, lamentar, espernear, levantar hip\u00f3tese, ag\u00fcentar porrada(verbal) jogar porrinha, tomar cerveja e todo e qualquer l\u00edquido alco\u00f3lico, desde que o comportamento de cada um n\u00e3o fira o espa\u00e7o alheio;<o:p><\/o:p><\/SPAN><\/P><br \/>\n<P class=MsoNormal style=\"MARGIN: 0cm 0cm 0pt; TEXT-ALIGN: justify\"><SPAN style=\"FONT-SIZE: 10pt; FONT-FAMILY: Verdana\"><o:p>&nbsp;<\/o:p><\/SPAN><\/P><br \/>\n<P class=MsoNormal style=\"MARGIN: 0cm 0cm 0pt; TEXT-ALIGN: justify\"><SPAN style=\"FONT-SIZE: 10pt; FONT-FAMILY: Verdana\"><STRONG>Art. 3\u00ba<\/STRONG> &#8211; todos os membros ter\u00e3o direito \u00e0 defesa quando seus nomes estiverem envolvidos em alguma fofoca, ficando o caso para ser julgado por uma comiss\u00e3o especial, indicada pelo Presidente da entidade;<o:p><\/o:p><\/SPAN><\/P><br \/>\n<P class=MsoNormal style=\"MARGIN: 0cm 0cm 0pt; TEXT-ALIGN: justify\"><SPAN style=\"FONT-SIZE: 10pt; FONT-FAMILY: Verdana\"><o:p>&nbsp;<\/o:p><\/SPAN><\/P><br \/>\n<P class=MsoNormal style=\"MARGIN: 0cm 0cm 0pt; TEXT-ALIGN: justify\"><SPAN style=\"FONT-SIZE: 10pt; FONT-FAMILY: Verdana\"><STRONG>Art. 4\u00ba<\/STRONG> &#8211; \u00e9 considerado s\u00f3cio, todo o parasita que habita diuturnamente &#8220;O Cal\u00e7ad\u00e3o&#8221;, que assim sendo n\u00e3o poder\u00e1 reclamar do pejo parasitol\u00f3gico a ele atribu\u00eddo;<o:p><\/o:p><\/SPAN><\/P><br \/>\n<P class=MsoNormal style=\"MARGIN: 0cm 0cm 0pt; TEXT-ALIGN: justify\"><SPAN style=\"FONT-SIZE: 10pt; FONT-FAMILY: Verdana\"><o:p>&nbsp;<\/o:p><\/SPAN><\/P><br \/>\n<P class=MsoNormal style=\"MARGIN: 0cm 0cm 0pt; TEXT-ALIGN: justify\"><SPAN style=\"FONT-SIZE: 10pt; FONT-FAMILY: Verdana\"><STRONG>Art. 5\u00ba<\/STRONG> &#8211; em caso de d\u00favidas \u00e9 somente chamar o s\u00edndico \u201cCazuza do Cafezinho\u201d, ou ent\u00e3o apelar para o que reza o Artigo 6\u00ba;<o:p><\/o:p><\/SPAN><\/P><br \/>\n<P class=MsoNormal style=\"MARGIN: 0cm 0cm 0pt; TEXT-ALIGN: justify\"><SPAN style=\"FONT-SIZE: 10pt; FONT-FAMILY: Verdana\"><o:p>&nbsp;<\/o:p><\/SPAN><\/P><br \/>\n<P class=MsoNormal style=\"MARGIN: 0cm 0cm 0pt; TEXT-ALIGN: justify\"><SPAN style=\"FONT-SIZE: 10pt; FONT-FAMILY: Verdana\"><STRONG>Art. 6\u00ba<\/STRONG> &#8211; prevalece o que est\u00e1 inserido no artigo 5\u00ba.<o:p><\/o:p><\/SPAN><\/P><br \/>\n<P class=MsoNormal style=\"MARGIN: 0cm 0cm 0pt; TEXT-ALIGN: justify\"><SPAN style=\"FONT-SIZE: 10pt; FONT-FAMILY: Verdana\"><o:p>&nbsp;<\/o:p><\/SPAN><\/P><br \/>\n<P class=MsoNormal style=\"MARGIN: 0cm 0cm 0pt; TEXT-ALIGN: justify\"><SPAN style=\"FONT-SIZE: 10pt; FONT-FAMILY: Verdana\"><o:p><\/o:p><\/SPAN><\/P><br \/>\n<P class=MsoNormal style=\"MARGIN: 0cm 0cm 0pt; TEXT-ALIGN: justify\"><B style=\"mso-bidi-font-weight: normal\"><I style=\"mso-bidi-font-style: normal\"><SPAN style=\"FONT-SIZE: 10pt; FONT-FAMILY: Verdana\"><\/SPAN><\/I><\/B>&nbsp;<\/P><br \/>\n<P class=MsoNormal style=\"MARGIN: 0cm 0cm 0pt; TEXT-ALIGN: justify\"><B style=\"mso-bidi-font-weight: normal\"><I style=\"mso-bidi-font-style: normal\"><SPAN style=\"FONT-SIZE: 10pt; FONT-FAMILY: Verdana\">Tico Coura<o:p><\/o:p><\/SPAN><\/I><\/B><\/P><br \/>\n<P class=MsoNormal style=\"MARGIN: 0cm 0cm 0pt; TEXT-ALIGN: justify\"><B style=\"mso-bidi-font-weight: normal\"><I style=\"mso-bidi-font-style: normal\"><SPAN style=\"FONT-SIZE: 10pt; FONT-FAMILY: Verdana\">Mundinho de Nezinho<o:p><\/o:p><\/SPAN><\/I><\/B><\/P><br \/>\n<P class=MsoNormal style=\"MARGIN: 0cm 0cm 0pt; TEXT-ALIGN: justify\"><B style=\"mso-bidi-font-weight: normal\"><I style=\"mso-bidi-font-style: normal\"><SPAN style=\"FONT-SIZE: 10pt; FONT-FAMILY: Verdana\">Dr. P\u00e9ricles Neves<o:p><\/o:p><\/SPAN><\/I><\/B><\/P><br \/>\n<P class=MsoNormal style=\"MARGIN: 0cm 0cm 0pt; TEXT-ALIGN: justify\"><B style=\"mso-bidi-font-weight: normal\"><I style=\"mso-bidi-font-style: normal\"><SPAN style=\"FONT-SIZE: 10pt; FONT-FAMILY: Verdana\">Chico de Anorzinho<o:p><\/o:p><\/SPAN><\/I><\/B><\/P><br \/>\n<P class=MsoNormal style=\"MARGIN: 0cm 0cm 0pt; TEXT-ALIGN: justify\"><B style=\"mso-bidi-font-weight: normal\"><I style=\"mso-bidi-font-style: normal\"><SPAN style=\"FONT-SIZE: 10pt; FONT-FAMILY: Verdana\">Valdebam<o:p><\/o:p><\/SPAN><\/I><\/B><\/P><br \/>\n<P class=MsoNormal style=\"MARGIN: 0cm 0cm 0pt; TEXT-ALIGN: justify\"><B style=\"mso-bidi-font-weight: normal\"><I style=\"mso-bidi-font-style: normal\"><SPAN style=\"FONT-SIZE: 10pt; FONT-FAMILY: Verdana\">Eilzo Matos<\/SPAN><o:p><\/o:p><\/I><\/B><\/P><\/p>\n","protected":false},"excerpt":{"rendered":"<p>M\u00e9dico Assis Batista interpretou v\u00e1rias can\u00e7\u00f5es durante o encontro.<\/p>\n","protected":false},"author":1,"featured_media":0,"comment_status":"open","ping_status":"","sticky":false,"template":"","format":"standard","meta":[],"categories":[28],"tags":[],"amp_enabled":true,"_links":{"self":[{"href":"https:\/\/obeabadosertao.com.br\/portal\/wp-json\/wp\/v2\/posts\/447"}],"collection":[{"href":"https:\/\/obeabadosertao.com.br\/portal\/wp-json\/wp\/v2\/posts"}],"about":[{"href":"https:\/\/obeabadosertao.com.br\/portal\/wp-json\/wp\/v2\/types\/post"}],"author":[{"embeddable":true,"href":"https:\/\/obeabadosertao.com.br\/portal\/wp-json\/wp\/v2\/users\/1"}],"replies":[{"embeddable":true,"href":"https:\/\/obeabadosertao.com.br\/portal\/wp-json\/wp\/v2\/comments?post=447"}],"version-history":[{"count":0,"href":"https:\/\/obeabadosertao.com.br\/portal\/wp-json\/wp\/v2\/posts\/447\/revisions"}],"wp:attachment":[{"href":"https:\/\/obeabadosertao.com.br\/portal\/wp-json\/wp\/v2\/media?parent=447"}],"wp:term":[{"taxonomy":"category","embeddable":true,"href":"https:\/\/obeabadosertao.com.br\/portal\/wp-json\/wp\/v2\/categories?post=447"},{"taxonomy":"post_tag","embeddable":true,"href":"https:\/\/obeabadosertao.com.br\/portal\/wp-json\/wp\/v2\/tags?post=447"}],"curies":[{"name":"wp","href":"https:\/\/api.w.org\/{rel}","templated":true}]}}