{"id":4471,"date":"2011-02-16T00:00:00","date_gmt":"2011-02-16T00:00:00","guid":{"rendered":""},"modified":"2020-07-25T12:32:34","modified_gmt":"2020-07-25T12:32:34","slug":"ronaldo-fenomeno-anuncia-o-fim-da-carreira","status":"publish","type":"post","link":"https:\/\/obeabadosertao.com.br\/portal\/2011\/02\/16\/ronaldo-fenomeno-anuncia-o-fim-da-carreira\/","title":{"rendered":"Ronaldo Fen\u00f4meno anuncia o fim da carreira"},"content":{"rendered":"<div id=\"tt-temp-estim\">Tempo de leitura: 30 minutos<\/div><p style=\"text-align: justify;\"><span style=\"font-size: small;\"><span style=\"font-family: Verdana;\"><br \/>\n<strong>S\u00e3o Paulo(SP) &#8211;<\/strong> O atacante do Sport Club Corinthians Paulista <\/span><\/span><span style=\"font-size: small;\"><span style=\"font-family: Verdana;\">Ronaldo Lu\u00eds Naz\u00e1rio de Lima(<\/span><\/span><span style=\"font-size: small;\"><span style=\"font-family: Verdana;\">Ronaldo Fen\u00f4meno) confirmou em entrevista coletiva prestada nesta segunda-feira(<span style=\"font-family: Arial;\">14Fevereiro2011<\/span>) sua decis\u00e3o de abandonar os gramados. Durante os 45 minutos de emo\u00e7\u00e3o intensa ao falar sobre seu fim de carreira, acompanhado dos filhos Ronald e Alexander trajados com a camisa do Tim\u00e3o, Ronaldo finalmente revelou qual era a dificuldade em perder peso: &#8220;<em>H\u00e1 quatro anos, no Milan, eu descobri que sofria de um dist\u00farbio que se chama hipotireoidismo. Isso desacelera o metabolismo e que para controlar isso eu teria que tomar horm\u00f4nios. Mas isso seria considerado doping. Muitos aqui agora devem estar arrependidos de terem feito tanta chacota com meu peso. Mas n\u00e3o guardo m\u00e1goa disso e de ningu\u00e9m. S\u00f3 queria explicar isso no \u00faltimo dia da minha carreira<\/em>&#8221; &#8211; disse Ronaldo.<\/span><\/span><\/p>\n<p>A voz embargou. A l\u00e1grima escorreu. Mas o sorriso esteve presente no rosto at\u00e9 o fim da entrevista concedida no Parque Ecol\u00f3gico do Corinthians, em S\u00e3o Paulo.<\/p>\n<p>Desde quando se transferiu do Milan para o Corinthians, o problema diagnosticado foi comunicado ao clube paulista. Mas mantido em sigilo. Mesmo com essa dificuldade, Ronaldo sequer pensou em parar de jogar:<\/p>\n<p>&#8220;<em>O Corinthians sempre soube de tudo. A decis\u00e3o de seguir jogando sempre foi voltada para o meu cora\u00e7\u00e3o e pelo amor ao futebol. Isso me fez superar barreiras. Se para uma pessoa normal emagrecer j\u00e1 \u00e9 dif\u00edcil, pra mim \u00e9 mais complicado. O hipotireoidismo desacelera meu organismo. Todos aqui sabem do meu sacrif\u00edcio que foi para jogar<\/em>&#8220;.<\/p>\n<p>Nos \u00faltimos dois anos, j\u00e1 no Corinthians, Ronaldo travou contra si pr\u00f3prio uma \u00e1rdua batalha. Al\u00e9m do peso, as dores no corpo e as frequentes les\u00f5es. E nessa batalha, falou mais alto o corpo, que chegou ao limite.<\/p>\n<p>&#8220;<em>\u00c9 dif\u00edcil abandonar algo que tem muita paix\u00e3o, que no meu caso \u00e9 o futebol. Mas tenho que assumir algumas derrotas. Eu perdi para o meu corpo. \u00c9 hora de parar. Mas vou continuar ligado ao Corinthians para sempre<\/em>&#8220;.<\/p>\n<p><span style=\"font-size: small;\"><span style=\"font-family: Verdana;\"><br \/>\nRonaldo ainda falou que o corpo n\u00e3o conseguia mais acompanhar o racioc\u00ednio dentro de campo, e que seus m\u00fasculos n\u00e3o conseguiam mais obedecer o que a cabe\u00e7a mandava: &#8220;<em>\u00c9 o neg\u00f3cio de a cabe\u00e7a imaginar que voc\u00ea vai driblar o zagueiro e vai passar, afinal voc\u00ea sempre fez isso, mas na realidade o corpo n\u00e3o obedece<\/em>&#8220;.<\/span><\/span><\/p>\n<p><span style=\"font-size: small;\"><span style=\"font-family: Verdana;\">Ronaldo levou \u00e0s l\u00e1grimas o presidente do Corinthians, Andres Sanchez, ao agradecer todo o apoio que recebeu no clube. E pediu desculpas por ter fracassado no projeto que o clube tinha para a Libertadores 2011. &#8220;<em>Quero agradecer ao presidente Andres Sanches e pedir desculpas publicamente por ter fracassado no projeto Libertadores<\/em>&#8220;, disse, com n\u00e3o contendo o choro. &#8220;<em>Quero dizer, presidente, que voc\u00ea \u00e9 meu irm\u00e3o. Minha hist\u00f3ria aqui foi linda, maravilhosa. Tamb\u00e9m continuarei ligado ao Corinthians, presidente. Muitas vezes voc\u00eas v\u00e3o me ver aqui no est\u00e1dio torcendo pelo Corinthians<\/em>&#8220;. Novamente Ronaldo faz uma pausa, chora e pega um papel que estava sobre a bancada: &#8220;<em>Pera\u00ed, vou tentar fazer um jogo da velha aqui para ver se isso passa<\/em>&#8220;<em> <\/em>\u2013 brincou.<\/span><\/span><\/p>\n<p style=\"text-align: justify;\"><span style=\"font-size: small;\"><span style=\"font-family: Verdana;\"><\/span><\/span><\/p>\n<p><span style=\"color: rgb(255, 0, 0);\"><span style=\"font-size: medium;\"><span style=\"font-family: Arial;\"><strong>Algumas frases do atacante na coletiva:<\/strong><\/span><\/span><\/span><\/p>\n<p><strong><span style=\"color: rgb(0, 0, 255);\"><span style=\"font-size: medium;\"><span style=\"font-family: Arial;\">A decis\u00e3o<\/span><\/span><\/span><\/strong><br \/>\n&#8220;<em>Minha fam\u00edlia estava viajando. E quinta-feira(<span style=\"font-family: Arial;\">10Fevereiro2011<\/span>), quando eu decidi, as dores me possu\u00edam e me consumiam. N\u00e3o conseguia pensar em mais nada. Fiz um esfor\u00e7o de mem\u00f3ria para lembrar em que outro momento sofri assim. E \u00e9 o neg\u00f3cio de a cabe\u00e7a imaginar que voc\u00ea vai driblar o zagueiro e vai passar, afinal voc\u00ea sempre fez isso, mas na realidade o corpo n\u00e3o obedecer. Na realidade eu fiquei at\u00e9 hoje de manh\u00e3 sozinho pensando nisso<\/em>&#8220;.<\/p>\n<p style=\"text-align: justify;\"><span style=\"font-size: small;\"><span style=\"font-family: Verdana;\"><br \/>\n<span style=\"color: rgb(0, 0, 255);\"><span style=\"font-size: medium;\"><span style=\"font-family: Arial;\"><strong>Futuro<\/strong><\/span><\/span><\/span><br \/>\n&#8220;<em>O meu futuro j\u00e1 est\u00e1 bem organizado. Vou me dedicar \u00e0 minha ag\u00eancia. Daqui a um tempo vamos anunciar o programa Criando Fen\u00f4menos, que eu espero me dedicar por muito tempo<\/em>&#8220;.<\/span><\/span><\/p>\n<p><span style=\"color: rgb(0, 0, 255);\"><span style=\"font-size: medium;\"><span style=\"font-family: Arial;\"><strong>Os companheiros de Corinthians<\/strong><\/span><\/span><\/span><br \/>\n&#8220;<em>Quero agradecer ao grupo de jogadores e ao Tite por cada minuto que estive com eles. Como sempre fiz, desde o primeiro dia que estive aqui, nos momentos mais dif\u00edceis eu estive na frente deles para receber todo e qualquer bombardeio. Agora, do lado de fora, talvez isso aconte\u00e7a com menos for\u00e7a. Minha for\u00e7a sempre foi responder em campo<\/em>&#8220;.<\/p>\n<p><span style=\"color: rgb(0, 0, 255);\"><span style=\"font-size: medium;\"><span style=\"font-family: Arial;\"><strong>Agradecimentos<\/strong><\/span><\/span><\/span><br \/>\n&#8220;<em>Tenho muitos agradecimentos a fazer aqui. A todos sos clubes que passei: S\u00e3o Crist\u00f3v\u00e3o, Cruzeiro, PSV, Barcelona, Inter de Mil\u00e3o, Real Madrid, Milan&#8230;(<span style=\"font-family: Arial;\">pausa<\/span>). Ao Corinthians eu agradecerei daqui a pouco. Agrade\u00e7o aos jogadores que jogaram comigo e contra mim. Todos os que foram leais e os que n\u00e3o foram leais. Aos treinadores com os quais eu tive grande rela\u00e7\u00e3o, com outros que tive alguma diverg\u00eancia de opini\u00f5es profissionais. E aos meus patrocinadores. Agrade\u00e7o tamb\u00e9m a todos os cr\u00edticos, a todos voc\u00eas que me criticaram e me ajudaram a ser mais forte em cada momento da minha vida. Quero agradecer(<span style=\"font-family: Arial;\">pausa<\/span>) toda a torcida brasileira que vibrou comigo quando eu comemorei, que chorou quando eu chorei, que caiu comigo quando eu ca\u00ed. Mas em especial quero agradecer a essa torcida do Corinthians. Nunca vi uma torcida t\u00e3o empolgante, t\u00e3o apaixonada e t\u00e3o entregue a um time de futebol<\/em>&#8220;.<br \/>\n<span style=\"font-size: small;\"><span style=\"font-family: Verdana;\"><\/span><\/span><\/p>\n<p><span style=\"color: rgb(0, 0, 255);\"><span style=\"font-size: large;\"><span style=\"font-family: Arial;\"><strong><br \/>\nCarreira<\/strong><\/span><\/span><\/span><br \/>\nO agora<span style=\"font-size: small;\"><span style=\"font-family: Verdana;\"> ex-futebolista brasileiro que atuava como atacante <\/span><\/span><span style=\"font-size: small;\"><span style=\"font-family: Verdana;\">Ronaldo Lu\u00eds Naz\u00e1rio de Lima, mais conhecido como Ronaldo ou tamb\u00e9m Ronaldo Fen\u00f4meno ou ainda Ronaldinho, nasceu no dia 22 de Setembro de 1976 no Rio de Janeiro.<\/span><\/span><\/p>\n<p><span style=\"font-size: small;\"><span style=\"font-family: Verdana;\">J\u00e1 era conhecido como Ronaldo no in\u00edcio da carreira, sendo por algum tempo chamado de Ronaldinho. O diminutivo surgiu na Copa do Mundo de 1994, quando a Sele\u00e7\u00e3o Brasileira foi com dois Ronaldos; o mais velho, jogador do S\u00e3o Paulo, tornou-se Ronald\u00e3o. J\u00e1 o apelido de Fen\u00f4meno surgiu em sua arrebatadora temporada no Barcelona.<\/span><\/span><\/p>\n<p><span style=\"font-size: small;\"><span style=\"font-family: Verdana;\">\u00c9 o maior artilheiro da hist\u00f3ria das Copas do Mundo com quinze gols. \u00c9 um dos poucos jogadores que estiveram dos dois lados de duas grandes rivalidades europeias: ele defendeu os espanh\u00f3is Barcelona e Real Madrid e os milaneses Internazionale e Milan.<\/span><\/span><\/p>\n<p><span style=\"font-size: small;\"><span style=\"font-family: Verdana;\">Iniciou seu caminho no futebol no futsal do Valqueire T\u00eanis Clube, transferindo-se cedo para o Social Ramos Clube do Rio de Janeiro, para logo em seguida mudar-se para o S\u00e3o Crist\u00f3v\u00e3o, tamb\u00e9m carioca. Por\u00e9m foi no Cruzeiro que se profissionalizou e alcan\u00e7ou a fama como atleta no segundo semestre de 1993.<\/span><\/span><\/p>\n<p><span style=\"font-size: small;\"><span style=\"font-family: Verdana;\">Foi considerado pela Revista \u00c9poca um dos 100 brasileiros mais influentes do ano de 2009.<\/span><\/span><span style=\"font-size: small;\"><span style=\"font-family: Verdana;\"><\/span><\/span><\/p>\n<p><span style=\"color: rgb(0, 0, 255);\"><span style=\"font-size: large;\"><span style=\"font-family: Arial;\"><strong>Primeiros anos<\/strong><\/span><\/span><\/span><br \/>\nRonaldo teve uma inf\u00e2ncia pobre, embora n\u00e3o miser\u00e1vel. Apaixonado por futebol, costumava matar aulas em Bento Ribeiro para dan\u00e7ar no clube Valqueire T\u00eanis Clube, perto de sua casa. Chegou a tentar treinar no Flamengo, mas por n\u00e3o ter dinheiro para pagar as quatro condu\u00e7\u00f5es at\u00e9 a sede do time, foi parar no S\u00e3o Crist\u00f3v\u00e3o. Al\u00e9m de ser mais perto de sua casa, o pr\u00f3prio clube lhe deu dinheiro para o transporte.<\/p>\n<p>Aos 14 anos, teve seu passe comprado pelos empres\u00e1rios Alexandre Martins e Reinaldo Pitta por US$ 7.500. O jovem, que n\u00e3o conseguiu treinar no Flamengo, seria &#8220;<em>perdido<\/em>&#8221; por outros dois grandes clubes, Botafogo e S\u00e3o Paulo: para o alvinegro, o empr\u00e9sario Reinaldo Pitta quis doar 50% do passe do jovem, que teria uma boa vitrine. Com a negativa, Ronaldo foi oferecido por 25 mil reais ao tricolo, que quis pagar 15 mil.<\/p>\n<p>Jairzinho o viu no S\u00e3o Crist\u00f3v\u00e3o e pagou dez mil d\u00f3lares pelo menino. Revendeu-o para uma ex-equipe sua, o Cruzeiro. A equipe mineira ficou convencida a aceit\u00e1-lo ap\u00f3s Ronaldo salvar-se em meio \u00e0 m\u00e1 campanha da Sele\u00e7\u00e3o Brasileira sub-17 que disputou no campeonato sul-americano da categoria, em que o garoto foi artilheiro com oito gols, enquanto o Brasil terminou em quarto lugar e fora do Campeonato Mundial de Futebol Sub-17 de 1993, primeira e \u00fanica vez em que o time n\u00e3o se classificou para o torneio.<\/p>\n<p><span style=\"color: rgb(0, 0, 255);\"><span style=\"font-size: large;\"><span style=\"font-family: Arial;\"><strong>Cruzeiro e a Sele\u00e7\u00e3o<\/strong><\/span><\/span><\/span><br \/>\n<img decoding=\"async\" align=\"absMiddle\" src=\"\/UserFiles\/Image\/esportes\/atletas\/ronaldo_luis_nazario_de_lima_ronaldo_fenomeno_cruzeiro_mg_465.jpg\" alt=\"\"><br \/>\nFoi com 16 anos que Ronaldo fez sua estreia no futebol profissional, defendendo o Cruzeiro, pelo Campeonato Brasileiro de 1993. Na Raposa, foi logo tratado como fora-de-s\u00e9rie, sendo o primeiro atleta amador a viver na concentra\u00e7\u00e3o dos profissionais. Antes do torneio nacional, Ronaldo havia disputado somente amistosos e partidas de n\u00edvel local pelo Cruzeiro, al\u00e9m de acompanhar a delega\u00e7\u00e3o do time \u00e0 Porto Alegre, onde ocorreria a decis\u00e3o da Copa do Brasil, contra o Gr\u00eamio.<\/p>\n<p>Seu primeiro gol pelo time profissional foi marcado em amistoso contra a equipe portuguesa d&#8217;Os Belenenses, cuja torcida o aplaudiu de p\u00e9 ao fim da partida. Voltou da excurs\u00e3o por Portugal despertando interesses italianos, recebendo a primeira sondagem da Internazionale de Mil\u00e3o, recusada mesmo com proposta de 500 mil d\u00f3lares &#8211; uma valoriza\u00e7\u00e3o de 1000% do seu passe em cinco meses. J\u00e1 a primeira exibi\u00e7\u00e3o em rede nacional de televis\u00e3o foi em 7 de setembro daquele ano, em um jogo do seu clube, Cruzeiro, contra o Corinthians.<\/p>\n<p>Destaque da equipe cruzeirense naquele Brasileiro, Ronaldo marcou 12 gols no torneio nacional em 14 partidas, tendo sido o terceiro maior goleador da competi\u00e7\u00e3o. Em uma de suas memor\u00e1veis partidas, o atacante marcou 5 gols contra o Bahia, humilhando o celebrado goleiro advers\u00e1rio, o uruguaio Rodolfo Rodr\u00edguez, que perdeu a bola para ele em um dos gols. Jogando tamb\u00e9m na equipe j\u00fanior, foi artilheiro do Cruzeiro na Superta\u00e7a Minas Gerais e tirou o clube de um jejum de quatro anos sem vencer o rival Atl\u00e9tico Mineiro na categoria.<\/p>\n<p>Ainda naquele ano, o jovem Ronaldo sagrou-se artilheiro da Supercopa da Libertadores, com 8 gols, e foi convocado para jogar na Sele\u00e7\u00e3o Brasileira sub-17. A decis\u00e3o seguinte foi a Recopa Sul-Americana, contra o S\u00e3o Paulo. Nela, Ronaldo teve seu primeiro grande rev\u00e9s como profissional: a decis\u00e3o encaminhou-se para os p\u00eanaltis e Zetti defendeu a cobran\u00e7a do jovem, garantindo o t\u00edtulo aos tricolores. O ano terminou com o seu passe valendo 10 milh\u00f5es de d\u00f3lares.<\/p>\n<p>Na temporada seguinte, em 1994, Ronaldo seguiu mais uma vez como destaque do Cruzeiro. O atacante foi o artilheiro do Campeonato Mineiro, com 22 gols. Logo, o jovem jogador chamou a aten\u00e7\u00e3o de clubes europeus e, em uma transfer\u00eancia de 6 milh\u00f5es de d\u00f3lares, vai para o PSV Eindhoven(<span style=\"font-family: Arial;\">dos Pa\u00edses Baixos<\/span>). Ronaldo deixou o Cruzeiro pouco antes da Copa do Mundo de 1994, com uma expressiva marca de 44 gols em 46 partidas.<\/p>\n<p><span style=\"color: rgb(0, 0, 255);\"><span style=\"font-size: large;\"><span style=\"font-family: Arial;\"><strong><br \/>\nPSV Eindhoven<\/strong><\/span><\/span><\/span><br \/>\nNo PSV Eindhoven, da Holanda, Ronaldo destacou-se mais uma vez como artilheiro, tendo marcado 54 gols em 57 partidas no total. No Campeonato Neerland\u00eas, mesmo sem dominar a l\u00edngua neerlandesa(<span style=\"font-family: Arial;\">o que lhe atrapalhava na comunica\u00e7\u00e3o com os colegas<\/span>), foi artilheiro com 30 gols, doze a mais que o rival criado pela imprensa para ele, Patrick Kluivert, dois meses mais velho e jogador do Ajax. O Ajax, cujo forte time seria campe\u00e3o da Liga dos Campe\u00f5es da UEFA, acabaria campe\u00e3o tamb\u00e9m da Eredivisie &#8211; o PSV terminou em terceiro.<\/p>\n<p>A Inter de Mil\u00e3o continuava a rondar &#8211; ao final da temporada, em maio, um representante sondou os dirigentes do PSV, e o pr\u00f3prio vice-presidente foi conversar com o jogador na v\u00e9spera de um Brasil x Uruguai(<span style=\"font-family: Arial;\">em que ele marcou os dois gols na vit\u00f3ria por 2 x 0<\/span>). Os interistas, no momento, acabaram fechando com outro membro da delega\u00e7\u00e3o brasileira, Caio.<\/p>\n<p>Ainda em 1995, seus primeiros problemas no joelho come\u00e7aram a se manifestar. A primeira cirurgia ocorreria em fevereiro do ano seguinte, ap\u00f3s uma resson\u00e2ncia magn\u00e9tica constatar inflama\u00e7\u00f5es nos joelhos e calcifica\u00e7\u00e3o no direito, joelho em que passou ent\u00e3o por uma &#8220;<em>raspagem<\/em>&#8221; na cartilagem. Apesar da recomenda\u00e7\u00e3o de passar por uma recupera\u00e7\u00e3o lenta, no final de abril Ronaldo j\u00e1 estava de volta aos campos, mas frequentando o banco. A reserva imposta pelo t\u00e9cnico Dick Advocaat come\u00e7ou a irrit\u00e1-lo. Ronaldo n\u00e3o perdoaria o treinador ap\u00f3s ser usado apenas nos quinze minutos finais da decis\u00e3o da Copa dos Pa\u00edses Baixos. O torneio foi conquistado, no que seria a \u00faltima partida do jovem na equipe da Philips: voltaria dos Jogos Ol\u00edmpicos de Ver\u00e3o de 1996 j\u00e1 como jogador do Barcelona.<br \/>\n<span style=\"font-size: small;\"><span style=\"font-family: Verdana;\"><\/span><\/span><\/p>\n<p><span style=\"font-size: large;\"><span style=\"color: rgb(0, 0, 255);\"><strong>Barcelona &#8211; Surge o &#8220;<em>Fen\u00f4meno<\/em>&#8220;<\/strong><\/span><\/span><br \/>\nNo meio daquele ano, Ronaldo transferiu-se para o Barcelona, da Espanha, por 20 milh\u00f5es de d\u00f3lares, \u00e0 semelhan\u00e7a de sua dupla de ataque na Sele\u00e7\u00e3o Brasileira, Rom\u00e1rio, outro a sair do PSV rumo ao Bar\u00e7a. Ronaldo faria juz ao dinheiro gasto, fechando o ano de 1996 com dezessete gols em vinte partidas. Acabaria eleito pela primeira vez o melhor jogador do mundo pela FIFA. Suas atua\u00e7\u00f5es lhe valeram o apelido de El Fen\u00f3meno.<\/p>\n<p>A temporada 1996\/97, sua \u00fanica pelo clube catal\u00e3o, encerrou-se sem o t\u00edtulo espanhol, que por dois pontos ficou com o rival Real Madrid. Ainda assim, Ronaldo, artilheiro do Espanhol com 34 gols em 37 jogos, levantou a Copa do Rei e a Recopa Europeia, com gol dele na decis\u00e3o contra o Paris Saint-Germain. Feliz na Catalunha, foi com espanto que divulgou-se que a Internazionale finalmente conseguira acertar com ele, pagando a multa rescis\u00f3ria de 32 milh\u00f5es de d\u00f3lares; a raz\u00e3o teria sido a nega\u00e7\u00e3o do presidente blaugrana Josep Lluis N\u00fa\u00f1ez em aumentar o sal\u00e1rio do atacante.<\/p>\n<p><span style=\"font-family: Arial;\"><span style=\"font-size: large;\"><br \/>\n<span style=\"color: rgb(0, 0, 255);\"><strong>Internazionale<\/strong><\/span><\/span><\/span><br \/>\nOs empres\u00e1rios Pitta e Martins, que pediram pelo aumento, negociaram com outras equipes italianas, dentre elas Juventus e Lazio, at\u00e9 fechar com a Inter. Ronaldo estava na Noruega, onde o Brasil faria amistoso contra a sele\u00e7\u00e3o local(<span style=\"font-family: Arial;\">perderia por 2 x 4<\/span>), quando a transfer\u00eancia foi concretizada, e n\u00e3o escondeu a decep\u00e7\u00e3o em deixar o Barcelona. Ainda assim, declarou-se feliz com o desafio de jogar na It\u00e1lia. O contrato seria assinado em Santa Cruz de la Sierra, na Bol\u00edvia, onde realizava-se a Copa Am\u00e9rica.<\/p>\n<p><span style=\"font-size: small;\"><span style=\"font-family: Verdana;\">A Inter n\u00e3o ganhava o Campeonato Italiano havia sete anos e Ronaldo, usando a camisa 10(<span style=\"font-family: Arial;\">o seu caracter\u00edstico n\u00famero 9 pertencia ao chileno Iv\u00e1n Zamorano<\/span>) n\u00e3o decepcionou o clube: encerrou o ano de 1997 com quatorze gols em dezenove jogos oficiais, e novamente eleito o melhor jogador do mundo pela FIFA. Ele, agora Il Fenomeno, recebeu tamb\u00e9m a Bola de Ouro da France Football(<span style=\"font-family: Arial;\">a publica\u00e7\u00e3o francesa o ignorara no ano anterior em favor do alem\u00e3o Matthias Sammer<\/span>).<\/span><\/span><\/p>\n<p><span style=\"font-size: small;\"><span style=\"font-family: Verdana;\">Na Inter, Ronaldo continou a fazer seus gols e terminaria o campeonato na vice-artilharia, com 25, dois a menos que o alem\u00e3o Oliver Bierhoff, mas sendo o estrangeiro que mais gols fez em sua temporada de estreia na Serie A. Entretanto, o t\u00edtulo seria polemicamente perdido para a arquirrival Juventus, em um confronto direto em que um p\u00eanalti n\u00e3o-marcado de Mark Iuliano sobre ele repercutiu por semanas no pa\u00eds. 1997\/98 veria como consola\u00e7\u00e3o o t\u00edtulo da Copa da UEFA.<\/span><\/span><\/p>\n<p><span style=\"color: rgb(0, 0, 255);\"><strong><span style=\"font-size: large;\"><span style=\"font-family: Arial;\">As primeiras graves les\u00f5es<\/span><\/span><\/strong><\/span><span style=\"font-size: small;\"><span style=\"font-family: Verdana;\"><br \/>\nA temporada 1998\/99 come\u00e7ou com a sua convuls\u00e3o pouco antes da final da Copa do Mundo de 1998 ainda rendendo coment\u00e1rios. A Inter fez um campeonato ruim e viu o outro rival, o Milan, ganhar o t\u00edtulo. Usando finalmente o n\u00famero 9(<span style=\"font-family: Arial;\">Zamorano ficou com a camisa 1+8<\/span>), Ronaldo pouco jogaria pelos nerazzurri, por diversos fatores: ora tendinite, ora compromissos com patrocinadores(<span style=\"font-family: Arial;\">Brahma, Parmalat, Pirelli e Nike<\/span>), ora a Sele\u00e7\u00e3o Brasileira. 1999\/00 seria de menos partidas ainda: em jogo contra o Lecce, estourou o joelho e teria de esperar cinco meses para voltar aos gramados.<\/span><\/span><\/p>\n<p><span style=\"font-size: small;\"><span style=\"font-family: Verdana;\">Ronaldo voltou em 12 de abril de 2000, uma semana ap\u00f3s o nascimento de seu filho Ronald, em jogo v\u00e1lido pelas decis\u00f5es da Copa da It\u00e1lia, contra a Lazio. Mal entrou em campo, seu joelho direito cedeu no primeiro drible, saindo do lugar. No dia seguinte, iniciou nova recupera\u00e7\u00e3o, desta vez bem mais lenta: oito meses foram inicialmente previstos, que depois resultariam em quinze. 2001 veio e Ronaldo continuou sua volta gradual e cuidadosamente. Voltou a jogar oficialmente em partida da Copa da UEFA, contra o Bra\u015fov, da Rom\u00eania. Pequenas contraturas e estiramentos, entretanto, impediram-no de jogar normalmente naquele ano.<\/span><\/span><\/p>\n<p><span style=\"font-size: small;\"><span style=\"font-family: Verdana;\">A temporada 2001\/02 prosseguiu com ele sendo utilizado ocasionalmente. A Inter liderava o campeonato e poderia finalmente quebrar o jejum, que se arrastava j\u00e1 havia doze anos. Na \u00faltima rodada, a advers\u00e1ria seria a mesma Lazio que trazia m\u00e1s recorda\u00e7\u00f5es ao atacante. Acaso ou n\u00e3o, a Internazionale perdeu por 2 x 4 e a ta\u00e7a parou na rival Juventus. Substitu\u00eddo no decorrer do jogo, Ronaldo chorou para as c\u00e2meras.<\/span><\/span><\/p>\n<p><span style=\"font-size: small;\"><span style=\"font-family: Verdana;\">Tempos de mudan\u00e7a vieram ap\u00f3s a supreendente Copa do Mundo de 2002. Mil\u00e3o recebeu de bra\u00e7os abertos o comandante do pentacampeonato da Sele\u00e7\u00e3o Brasileira. Ronaldo, entretanto, come\u00e7ou a for\u00e7ar a sua sa\u00edda. A raz\u00e3o seria a perman\u00eancia do t\u00e9cnico H\u00e9ctor C\u00faper, a quem acusava de us\u00e1-lo em campo sem condi\u00e7\u00f5es f\u00edsicas. Ronaldo deixou a Inter tendo ganho apenas uma Copa da UEFA em cinco anos, com a torcida sentindo enorme ingratid\u00e3o do brasileiro: para eles, o atacante virou Il Fuggitivo, ainda mais em fun\u00e7\u00e3o de que outra raz\u00e3o para a sa\u00edda seria a insatisfa\u00e7\u00e3o do jogador em receber menos que os colegas Christian Vieri e \u00c1lvaro Recoba.<\/span><\/span><\/p>\n<p><strong><span style=\"color: rgb(0, 0, 255);\"><span style=\"font-size: large;\"><span style=\"font-family: Arial;\">Real Madrid<\/span><\/span><\/span><\/strong><br \/>\nInicialmente, Ronaldo se ofereceu \u00e0 sua ex-equipe, o Barcelona. Em crise, o clube catal\u00e3o n\u00e3o podia arcar com a multa rescis\u00f3ria. O rival Real Madrid ent\u00e3o veio e, por 39 milh\u00f5es de euros, o levou em 31 de agosto de 2002, quando se esgotava o prazo para as inscri\u00e7\u00f5es na temporada 2002\/03.<\/p>\n<p><span style=\"font-size: small;\"><span style=\"font-family: Verdana;\">Estreou no clube merengue em partida contra o Alav\u00e9s. Marcou duas vezes em vit\u00f3ria por 4 x 2. Apesar da \u00f3tima estreia, sofreria com vaias nos jogos seguintes, em decorr\u00eancia da frequ\u00eancia apenas razo\u00e1vel de gols, e tamb\u00e9m pelo fato de que seus substitutos contumazes &#8211; Fernando Morientes, Guti e Javier Portillo &#8211; costumarem marcar nos poucos minutos em que tinham em campo. Substitui\u00e7\u00f5es, por sinal, frequentes: nos 35 primeiros jogos em que fez pelo Real, saiu no decorrer de 22 partidas.<\/span><\/span><\/p>\n<p><span style=\"font-size: small;\"><span style=\"font-family: Verdana;\">Mesmo eleito pela terceira vez o melhor jogador do mundo pela FIFA ao final de 2002, as vaias s\u00f3 sossegaram ap\u00f3s sua grande atua\u00e7\u00e3o contra o Manchester United, na Liga dos Campe\u00f5es da UEFA. Na casa do advers\u00e1rio, em Old Trafford, Ronaldo marcou tr\u00eas vezes na derrota por 3 x 4, que classificou o time \u00e0s semifinais. Entretanto, novamente a Juventus apareceu-lhe: o clube italiano acabou eliminando os blancos nas semifinais. A frustra\u00e7\u00e3o foi compensada com o t\u00edtulo espanhol, o primeiro campeonato nacional em que Ronaldo saboreou conquistar. O trof\u00e9u, disputado acirradamente com a Real Sociedad, foi garantido com vit\u00f3ria sobre o Athletic Bilbao com dois gols dele, que, com 23 tentos, foi o artilheiro da Liga.<\/span><\/span><\/p>\n<p><span style=\"font-size: small;\"><span style=\"font-family: Verdana;\">Ronaldo foi a terceira contrata\u00e7\u00e3o dita gal\u00e1ctica do time madrilenho: os dois primeiros foram seu ex-colega de Barcelona, Lu\u00eds Figo, em 2000; e o franc\u00eas Zin\u00e9dine Zidane, em 2001. O clube reunia ainda as estrelas mundiais Ra\u00fal e Roberto Carlos. A temporada de 2003\/04 come\u00e7ou com um novo gal\u00e1ctico, este em que o peso das receitas de marketing eram assumidamente maiores do que o da t\u00e9cnica: David Beckham.<\/span><\/span><\/p>\n<p><span style=\"font-size: small;\"><span style=\"font-family: Verdana;\">O estelar elenco acabaria naufragando nos torneios: ficou apenas em quarto no Espanhol, perdeu a decis\u00e3o da Copa do Rei para o fraco Real Zaragoza e, na Liga dos Campe\u00f5es da UEFA, caiu ante ao futuro vice-campe\u00e3o Monaco. O jejum continuou na de 2004\/05 e 2005\/06; para piorar, foram temporadas em que o rival Barcelona conseguiu o t\u00edtulo espanhol em ambas, al\u00e9m da Liga dos Campe\u00f5es da UEFA na segunda.<\/span><\/span><\/p>\n<p><span style=\"font-size: small;\"><span style=\"font-family: Verdana;\">A temporada 2006\/07 come\u00e7ou sem Florentino P\u00e9rez, respons\u00e1vel pelas contrata\u00e7\u00f5es gal\u00e1ticas, na presid\u00eancia, e com o clube preocupando-se em voltar aos t\u00edtulos. Ronaldo passou a ser sombreado pela contrata\u00e7\u00e3o de Ruud van Nistelrooy. Sem espa\u00e7o, constantemente criticado pelo seu peso, Ronaldo decidiu deixar o Real no decorrer da temporada.<\/span><\/span><\/p>\n<p><span style=\"color: rgb(0, 0, 255);\"><span style=\"font-size: small;\"><strong><span style=\"font-size: large;\"><span style=\"font-family: Arial;\">Milan<\/span><\/span><\/strong><\/span><\/span><br \/>\n<span style=\"font-size: small;\"><span style=\"font-family: Verdana;\">Acertou sua volta \u00e0 Mil\u00e3o, mas n\u00e3o na Internazionale e sim em um rival: o Milan. A transfer\u00eancia foi oficializada em 18 de janeiro de 2007 pela bagatela de 7,5 milh\u00f5es de euros, e Ronaldo recebeu a camisa de n\u00famero 99, j\u00e1 que a 9 j\u00e1 pertencia a Filippo Inzaghi.<\/span><\/span><\/p>\n<p><span style=\"font-size: small;\"><span style=\"font-family: Verdana;\">O Milan tinha poucas condi\u00e7\u00f5es de vencer o Campeonato Italiano: iniciara a competi\u00e7\u00e3o com oito pontos negativos, como puni\u00e7\u00e3o do envolvimento do clube no que ficou conhecido como Calciocaos, esc\u00e2ndalo de manipula\u00e7\u00e3o de resultados. Na Liga dos Campe\u00f5es da UEFA, Ronaldo n\u00e3o poderia jogar: o regulamento impedia que um mesmo jogador defenda duas equipes diferentes, e ele j\u00e1 havia atuado pelo Real. Acabaria assistindo das tribunas os colegas vencerem o torneio. No Milan, ele voltou a deixar crescer os cabelos, em uma forma de diferenciar-se dos tempos de Internazionale, onde ostentava uma careca bem raspada.<\/span><\/span><\/p>\n<p><span style=\"font-size: small;\"><span style=\"font-family: Verdana;\">A estrutura do clube rossonero permitiu-lhe descobrir que possu\u00eda hipotireodismo, raz\u00e3o de sua engorda. Ronaldo tratou o problema e iniciou a temporada 2007\/08 cinco quilos e meio mais magro. O Fen\u00f4meno tamb\u00e9m formou um trio com os compatriotas Kak\u00e1 e Alexandre Pato denominado Ka-Pa-Ro.<\/span><\/span><\/p>\n<p><span style=\"font-size: small;\"><span style=\"font-family: Verdana;\">A promissora temporada, entretanto, acabaria para ele em 13 de fevereiro de 2008, no jogo contra o Livorno. Ap\u00f3s substituir Gilardino no segundo tempo, Ronaldo, em sua primeira participa\u00e7\u00e3o no jogo, acabou se lesionando na hora de um salto, saindo de campo em seguida chorando, em uma noite que relembrou a ocasi\u00e3o em que lesionou o joelho contra a Lazio, em 2000. A temporada 2007\/08 encerrou-se com Ronaldo parado e desligado do Milan, que decidiu n\u00e3o renovar o seu contrato.<\/span><\/span><\/p>\n<p><strong><span style=\"color: rgb(0, 0, 255);\"><span style=\"font-size: large;\"><span style=\"font-family: Arial;\">Treinamento no Flamengo<\/span><\/span><\/span><\/strong><span style=\"font-size: small;\"><span style=\"font-family: Verdana;\"><br \/>\nAp\u00f3s sua sa\u00edda do Milan, Ronaldo manifestou algumas vezes o desejo de defender o Flamengo, do qual \u00e9 torcedor declarado. O craque chegou a treinar no clube da G\u00e1vea a partir de setembro para recuperar-se da cirurgia no joelho. J\u00e1 havia sido sondado pelo time do cora\u00e7\u00e3o no in\u00edcio do ano, quando o Flamengo estava fazendo propostas para a disputa da Copa Libertadores da Am\u00e9rica. Na ocasi\u00e3o, por\u00e9m, as conversas n\u00e3o prosseguiram.<\/span><\/span><\/p>\n<p style=\"text-align: justify;\"><span style=\"font-size: small;\"><span style=\"font-family: Verdana;\">J\u00e1 h\u00e1 v\u00e1rios dias no centro de treinamento do Flamengo, ao que parecia ele voltaria ao futebol europeu, onde havia boatos de sua contrata\u00e7\u00e3o pelo Manchester City, da Inglaterra, e o Paris Saint-Germain, da Fran\u00e7a.<\/span><\/span><\/p>\n<p><span style=\"font-size: small;\"><span style=\"font-family: Verdana;\"> <span style=\"color: rgb(0, 0, 255);\"><span style=\"font-size: large;\"><span style=\"font-family: Arial;\"><strong>Corinthians<br \/>\n<\/strong><\/span><\/span><\/span><\/span><\/span><span style=\"font-size: small;\"><span style=\"font-family: Verdana;\"><img fetchpriority=\"high\" decoding=\"async\" height=\"311\" align=\"absMiddle\" width=\"465\" src=\"\/UserFiles\/Image\/esportes\/atletas\/ronaldo_luis_nazario_de_lima_ronaldo_fenomeno_465.jpg\" alt=\"\"><\/span><\/span><span style=\"font-size: small;\"><span style=\"font-family: Verdana;\"><br \/>\nA princ\u00edpio, o interesse do Corinthians na contrata\u00e7\u00e3o de Ronaldo foi tratado como algo imposs\u00edvel no Parque S\u00e3o Jorge. Em uma reuni\u00e3o para falar sobre a perman\u00eancia do atacante Morais na equipe corintiana, tamb\u00e9m empresariado por Fabiano Farah, o assunto Fen\u00f4meno surgiu na pauta. Ap\u00f3s v\u00e1rios dias treinando na G\u00e1vea e sem receber nenhum projeto para ficar no clube, Ronaldo acertou a sua volta ao Brasil depois de 14 anos pelo Corinthians. Em 9 de dezembro de 2008, o anuncio da contrata\u00e7\u00e3o do Fen\u00f4meno foi feito pelo presidente corintiano Andr\u00e9s Sanchez atrav\u00e9s do site oficial do clube. Em 12 de dezembro, a diretoria organizou uma festa pela chegada do jogador no clube com a presen\u00e7a de torcedores no Est\u00e1dio Alfredo Sch\u00fcrig. Ronaldo assinou oficialmente o contrato em 17 de dezembro. O atacante receberia o valor fixo de 400 mil reais mais valor no patroc\u00ednio da camisa do clube, onde 20% seriam do patrocinador principal e 80% de manga e cal\u00e7\u00e3o.<\/span><\/span><\/p>\n<p><span style=\"font-size: small;\"><span style=\"font-family: Verdana;\"> Durante os primeiros dois meses no Corinthians, Ronaldo realizou trabalhos f\u00edsicos para que pudesse ter condi\u00e7\u00f5es para retornar aos gramados. Aos poucos, o jogador come\u00e7ou a treinar junto aos demais atletas do elenco corintiano e aumentavam as expectativas para sua reestreia no futebol brasileiro.<\/span><\/span><\/p>\n<p>No dia 4 de mar\u00e7o de 2009, Ronaldo fez seu retorno ao futebol em partida contra o Itumbiara pela Copa do Brasil. O jogador, que come\u00e7ou o jogo entre os reservas, jogou por vinte e sete minutos durante o segundo tempo.<\/p>\n<p><span style=\"font-size: small;\"><span style=\"font-family: Verdana;\"><br \/>\nNa partida seguinte, no cl\u00e1ssico contra o Palmeiras, em 8 de mar\u00e7o de 2009, pelo Campeonato Paulista o t\u00e9cnico Mano Menezes novamente deixou Ronaldo entre os reservas e o colocou durante o segundo tempo. E aos 47min do segundo tempo, o &#8220;<em>Fen\u00f4meno<\/em>&#8221; marcou seu primeiro gol como jogador do Corinthians(<span style=\"font-family: Arial;\">de cabe\u00e7a, ap\u00f3s cobran\u00e7a de escanteio realizada por Douglas<\/span>), gol este que assegurou o empate contra a equipe palmeirense. O gol foi assunto em v\u00e1rios portais de not\u00edcias em todo o mundo. Tr\u00eas dias depois, em sua terceira partida ap\u00f3s seu retorno ao futebol, contra o S\u00e3o Caetano, Ronaldo foi escalado pela primeira vez como titular. Al\u00e9m de jogar durante mais de 80 minutos, o atacante marcou o gol da vit\u00f3ria corintiana. Nesta campanha do Corinthians no Campeonato Paulista, Ronaldo mostrou-se um dos principais jogadores da equipe, mesmo muito acima do seu peso ideal, marcou oito gols nas dez partidas que disputou, e novamente chamou a aten\u00e7\u00e3o internacional por suas atua\u00e7\u00f5es destacadas, especialmente na segunda partida da semifinal contra o S\u00e3o Paulo e na decis\u00e3o contra o Santos, onde o Corinthians sagrou-se campe\u00e3o do Paulist\u00e3o daquele ano. Ainda neste mesmo ano, foi fundamental para o t\u00edtulo da Copa do Brasil, marcando um gol na partida de ida da decis\u00e3o, contra o Internacional, e garantindo a vaga para a Copa Libertadores da Am\u00e9rica do ano seguinte. Finalizou sua primeira temporada no Tim\u00e3o com um total de 23 gols, sendo 12 deles pelo Campeonato Brasileiro.<\/span><\/span><\/p>\n<p><span style=\"font-size: small;\"><span style=\"font-family: Verdana;\"> O ano de 2010 n\u00e3o foi t\u00e3o bom para Ronaldo. Em m\u00e1 forma e sofrendo com seguidas les\u00f5es, o Fen\u00f4meno entrou em campo poucas vezes naquele ano e viu o Corinthians ser eliminado pelo Flamengo na Libertadores, principal ambi\u00e7\u00e3o do clube no ano de seu centen\u00e1rio. Neste ano, foram apenas 27 partidas realizadas pelo jogador, sendo onze pelo Campeonato Brasileiro, onde marcou seis gols.<\/span><\/span><\/p>\n<p>Jogando com a camisa do Corinthians, Ronaldo foi campe\u00e3o logo nos dois primeiros torneios que disputou: Campeonato Paulista 2009 e Copa do Brasil 2009. Al\u00e9m dos resultados esportivos, a parceria entre Ronaldo e Corinthians tamb\u00e9m rendeu fora de campo, onde o valor de patroc\u00ednio do clube chegou a 30 milh\u00f5es de reais, maior valor pago a um clube brasileiro na hist\u00f3ria. Por\u00e9m, o principal prop\u00f3sito do time corintiano, a Copa Libertadores da Am\u00e9rica, n\u00e3o foi conquistado pelo jogador, j\u00e1 que o time foi eliminado pelo Flamengo em 2010, devido a regra do gol fora de casa, e pelo Deportes Tolima em 2011, ainda na fase preliminar, conhecida como Pr\u00e9-Libertadores.<\/p>\n<p><span style=\"font-size: small;\"><span style=\"font-family: Verdana;\"><br \/>\n<\/span><\/span><span style=\"color: rgb(0, 0, 255);\"><span style=\"font-size: large;\"><span style=\"font-family: Arial;\"><strong><br \/>\nSele\u00e7\u00e3o Brasileira &#8211; O in\u00edcio<\/strong><\/span><\/span><\/span><br \/>\n<span style=\"font-size: small;\"><span style=\"font-family: Verdana;\"><img decoding=\"async\" height=\"311\" align=\"absMiddle\" width=\"465\" src=\"\/UserFiles\/Image\/esportes\/atletas\/ronaldo_luis_nazario_de_lima_ronaldo_fenomeno_465b.jpg\" alt=\"\"><br \/>\nRonaldo recebeu as primeiras convoca\u00e7\u00f5es para as sele\u00e7\u00f5es de base do Brasil quando ainda estava no S\u00e3o Crist\u00f3v\u00e3o. Foi artilheiro do Campeonato Sul-Americano de juniores na Col\u00f4mbia, em 1993, sendo o \u00fanico destaque individual do time que terminou apenas em quarto lugar e fora do Campeonato Mundial de Futebol Sub-17 de 1993. Recebeu a primeira chance na principal em mar\u00e7o de 1994, \u00e0s v\u00e9speras da Copa do Mundo naquele ano, em jogo contra a Argentina.<\/span><\/span><\/p>\n<p>Foi usado tamb\u00e9m em amistoso contra a Isl\u00e2ndia em maio, o \u00faltimo antes da convoca\u00e7\u00e3o a ser feita pelo t\u00e9cnico Carlos Alberto Parreira. Ronaldo marcou um dos gols na vit\u00f3ria por 3 x 0 e foi inclu\u00eddo pelo treinador entre os 22 convocados, desbancando o experiente Evair. J\u00e1 nos Estados Unidos, entretanto, n\u00e3o agradou a Parreira nos treinamentos, e foi deixado de lado. Na decis\u00e3o, muitos j\u00e1 pediam pelo garoto de dezessete anos, o mais jovem daquele mundial, mas Parreira preferiu chamar do banco Viola.<\/p>\n<p>Ainda assim, o jogador, campe\u00e3o sem jogar, j\u00e1 despertava certezas de seu potencial. Enzo Bearzot, t\u00e9cnico da It\u00e1lia na vitoriosa Copa do Mundo de 1982, j\u00e1 o chamava de &#8220;<em>fen\u00f4meno<\/em>&#8220;, e o pensamento geral era de que o garoto triunfaria na Copa seguinte. Um ano depois, Ronaldo conseguiu seu primeiro trof\u00e9u com a Sele\u00e7\u00e3o principal, em um torneio amistoso organizado pela Umbro entre as Sele\u00e7\u00f5es cujos uniformes eram feitos pela empresa brit\u00e2nica. Ele marcou um dos gols no 3 x 1 contra a Inglaterra, em pleno Wembley, na decis\u00e3o. Em 1995, ainda sem espa\u00e7o, integrou o grupo que disputou e perdeu a Copa Am\u00e9rica daquele ano, para o anfitri\u00e3o Uruguai.<\/p>\n<p>J\u00e1 como seu lugar Sele\u00e7\u00e3o, retornou com a delega\u00e7\u00e3o brasileira aos Estados Unidos, agora para participar das Olimp\u00edadas de 1996. Devido \u00e0 recupera\u00e7\u00e3o da les\u00e3o que lhe tirara lugar no PSV, Ronaldo foi poupado da partida inaugural, com o t\u00e9cnico Zagallo escalando S\u00e1vio em seu lugar. Como o Brasil vergonhosamente perdeu para o Jap\u00e3o, foi escalado como titular j\u00e1 no segundo jogo. Nos Jogos de Atlanta, Ronaldo marcaria cinco gols e seria um dos poucos poupados quando o Brasil caiu nas semifinais perante a Nig\u00e9ria, restando um bronze decepcionante.<\/p>\n<p><span style=\"color: rgb(0, 0, 255);\"><span style=\"font-size: large;\"><span style=\"font-family: Arial;\"><strong>Como a grande estrela<\/strong><\/span><\/span><\/span><br \/>\nUm ano depois, agora uma estrela mundial, vindo de grande temporada no Barcelona, Ronaldo jogou a Copa Am\u00e9rica de 1997 e voltou campe\u00e3o, com cinco gols marcados, jogando contra a anfitri\u00e3, a Bol\u00edvia, na altidude de La Paz(<span style=\"font-family: Arial;\">em que ele marcou uma vez na vit\u00f3ria de 3 x 1<\/span>). Pouco depois, participou ativamente do primeiro t\u00edtulo do Brasil na Copa das Confedera\u00e7\u00f5es de 1997. Todavia, tinha de conviver em meio \u00e0 conquista com um s\u00e9quito de jornalistas \u00e0 ca\u00e7a de sua imagem, tirando-lhe bastante espa\u00e7o, tranqulidade e calma. Um ano depois, sendo o principal personagem e refer\u00eancia da sele\u00e7\u00e3o &#8211; ainda mais ap\u00f3s o corte de Rom\u00e1rio -, jogou pela primeira vez uma Copa do Mundo.<\/p>\n<p>O mundial da Fran\u00e7a prometia ser a sua consagra\u00e7\u00e3o. Ronaldo, que foi ao torneio como duas vezes o melhor jogador do mundo pela FIFA, marcou cinco vezes: um contra o Marrocos(<span style=\"font-family: Arial;\">3 x 0<\/span>), na primeira fase; dois contra o Chile(<span style=\"font-family: Arial;\">4 x 1<\/span>), nas oitavas; um contra a Dinamarca(<span style=\"font-family: Arial;\">3 x 2<\/span>), nas quartas; e um contra os Pa\u00edses Baixos(<span style=\"font-family: Arial;\">1 x 1<\/span>), nas semifinais, tendo ainda acertado a sua cobran\u00e7a na decis\u00e3o por p\u00eanaltis nesta partida. Tudo isso a despeito de sofrer com les\u00f5es na perna(<span style=\"font-family: Arial;\">que ele tratava com analg\u00e9sicos<\/span>), agravadas na partida contra o Marrocos; na Copa de 1998, Ronaldo deu arranques curtos seguidos por per\u00edodos de quase apatia em campo. A m\u00eddia tamb\u00e9m n\u00e3o ajudava: durante o torneio, mais de mil jornalistas andavam atr\u00e1s do astro, bem como os patrocinadores.<\/p>\n<p>Horas antes da decis\u00e3o, contra a anfitri\u00e3 Fran\u00e7a, Ronaldo foi abatido por uma misteriosa convuls\u00e3o, diagnosticada desde como estresse at\u00e9 como ataque epil\u00e9tico. Deixou o hospital onde foi levado apenas 75 minutos antes da partida. Vendo que seu principal jogador n\u00e3o tinha condi\u00e7\u00f5es de jogo, Zagallo optou por escalar Edmundo em seu lugar, mas o pr\u00f3prio Ronaldo apareceu, a 40 minutos do in\u00edcio da partida, declarando-se apto, o que dividiu o grupo entre aqueles que defendiam n\u00e3o mais altera\u00e7\u00f5es na escala\u00e7\u00e3o, j\u00e1 divulgada, como aqueles que queriam a inclus\u00e3o do Fen\u00f4meno entre os finalistas titulares.<\/p>\n<p>Ronaldo mal andou em campo, apenas observando os franceses ganharem por 3 x 0 e levarem pela primeira vez a Copa. O assunto continuou a render por muito tempo, sendo abordado at\u00e9 quando Ronaldo foi chamado a comparecer em uma CPMI, em 2001. Uma prov\u00e1vel causa foi os altos n\u00edveis de estresse decorrentes da press\u00e3o exercida pela imprensa, patrocinadores e da torcida brasileira, que esperava muito dele.<\/p>\n<p>Como na Copa de 1998, na Copa Am\u00e9rica de 1997 e nas Olimp\u00edadas de 1996, marcou outros cinco gols na Copa Am\u00e9rica de 1999, dois deles contra os rivais Argentina(<span style=\"font-family: Arial;\">2 x 1, quartas-de-final<\/span>) e Uruguai(<span style=\"font-family: Arial;\">3 x 0, decis\u00e3o<\/span>). Afastado dos jogos da Internazionale devido ao joelho estourado, acabou n\u00e3o chamado para a Copa das Confedera\u00e7\u00f5es de 1999, em que o Brasil perdeu o t\u00edtulo para o M\u00e9xico. Seguidas les\u00f5es no joelho, a mais grave em 2000, foram lhe afastando tamb\u00e9m da Sele\u00e7\u00e3o.<\/p>\n<p><span style=\"color: rgb(0, 0, 255);\"><span style=\"font-size: large;\"><span style=\"font-family: Arial;\">Renascendo para a Sele\u00e7\u00e3o e o futebol<\/span><\/span><\/span><br \/>\nSem ritmo de jogo e com uma imensa cicatriz no joelho direito, foi ainda assim chamado para a Copa do Mundo de 2002 por Luiz Felipe Scolari. Depois de dois anos, voltou a jogar pela Sele\u00e7\u00e3o em mar\u00e7o, em amistoso contra a Iugosl\u00e1via. Voltou a marcar no final de maio, contra a Mal\u00e1sia. A Copa veio e o Fen\u00f4meno ressurgiu, marcando oito vezes, deixando de anotar um tento apenas contra a Inglaterra. A artilharia do mundial incluiu os dois gols na decis\u00e3o, contra a Alemanha.<\/p>\n<p>A campanha na Copa foi determinante para que ele voltasse a ser levado seriamente, bem como para que recebesse pela terceira vez o pr\u00eamio de melhor jogador do mundo pela FIFA, ao final do ano. Ronaldo voltou a ser intoc\u00e1vel na Sele\u00e7\u00e3o, o que incluiu regalias dadas pelo t\u00e9cnico Carlos Alberto Parreira, que o dispensava de competi\u00e7\u00f5es menos priorizadas, costumando cham\u00e1-lo apenas para as Eliminat\u00f3rias para a Copa do Mundo de 2006. Quatro anos se passaram sem que Ronaldo disputasse algum torneio pelo Brasil, s\u00f3 sendo chamado por conta do mundial da Alemanha. Na ocasi\u00e3o, ele j\u00e1 n\u00e3o era a maior estrela do Brasil, e sim seu xar\u00e1 e f\u00e3 Ronaldinho Ga\u00facho, com quem compunha o &#8220;Quadrado M\u00e1gico&#8221;, ao lado de Kak\u00e1 e Adriano.<\/p>\n<p>Na Copa, o pa\u00eds apresentou um futebol decepcionante. Ronaldo foi ao torneio longe da melhor forma f\u00edsica. Ainda assim, demonstrou lampejos de craque, marcando tr\u00eas vezes. O terceiro deles, que o fez ultrapassar o alem\u00e3o Gerd M\u00fcller e tornar-se, com a soma de quinze gols, o maior artilheiro das Copas do Mundo, surgiu em bela jogada individual em que driblou o goleiro de Gana. A partida, v\u00e1lida pelas oitavas-de-final, terminou com vit\u00f3ria canarinha por 3 x 0 e abriu esperan\u00e7as de uma revanche contra a Fran\u00e7a de Zin\u00e9dine Zidane, carrasco do mundial de 1998 e colega de Ronaldo no Real Madrid.<\/p>\n<p>Os brasileiros, entretanto, jogaram apaticamente contra os franceses, e Zidane exibiu sua melhor forma, chegando a realizar um drible de chap\u00e9u em Ronaldo. O Brasil terminou eliminado ali e o Fen\u00f4meno foi um dos crucificados pela interrupa\u00e7\u00e3o do sonhado hexacampeonato, n\u00e3o sendo mais chamado pela Sele\u00e7\u00e3o desde ent\u00e3o.<\/p>\n<p><span style=\"color: rgb(0, 0, 255);\"><span style=\"font-size: large;\"><span style=\"font-family: Arial;\"><strong>Pol\u00eamica<\/strong><\/span><\/span><\/span><br \/>\n<span style=\"font-size: small;\"><span style=\"font-family: Verdana;\">Na madrugada do dia 28 de abril de 2008, Depois de uma festa na Barra da Tijuca, na zona oeste do Rio de Janeiro, na qual comemorava uma vit\u00f3ria do Flamengo, Ronaldo passou pela orla da Barra, e chamou o travesti Andr\u00e9 Luiz Ribeiro Albertini, conhecido como Andr\u00e9ia Albertini, a quem levou para o motel Papillon. A eles se juntaram ainda outros dois travestis. Ainda no motel o travesti decidiu chantagear Ronaldo.<\/span><\/span><\/p>\n<p style=\"text-align: justify;\"><span style=\"font-size: small;\"><span style=\"font-family: Verdana;\"><br \/>\nNo fim do ano passado, o caso chegou aos tribunais. Andr\u00e9ia foi acusada formalmente por extors\u00e3o contra o jogador. Em 3 de outubro de 2008 o apartamento em que morava Albertini pegou fogo, morrendo um travesti que era sua colega de quarto. Adr\u00e9ia Albertini morreu no in\u00edcio de julho de 2009 devido a meningite na cidade de Mau\u00e1.<br \/>\n<\/span><\/span><span style=\"font-size: small;\"><span style=\"font-family: Verdana;\"><\/span><\/span><\/p>\n<p><span style=\"color: rgb(0, 0, 255);\"><span style=\"font-size: large;\"><span style=\"font-family: Arial;\"><strong>Aposentadoria<\/strong><\/span><\/span><\/span><br \/>\nAp\u00f3s a desclassifica\u00e7\u00e3o precoce na Copa Libertadores da Am\u00e9rica de 2011, Ronaldo n\u00e3o conseguiu mais suportar suas dores f\u00edsicas, e decidiu anunciar oficialmente a sua aposentadoria em 14 de fevereiro de 2011, numa coletiva de imprensa. Segundo ele, sua aposentadoria se deu pelo fato de estar enfrentando seguidas les\u00f5es, inclusive revelando que sofria hipotireoidismo, um disturbio metab\u00f3lico que desacelera o metabolismo e dificulta a perda de peso. O jogador afirmou que o problema poderia ser resolvido com ingest\u00e3o de horm\u00f4nios, por\u00e9m, esta pr\u00e1tica \u00e9 proibida no futebol, e acarretaria numa suspens\u00e3o por doping. Por\u00e9m, m\u00e9dicos discordam que o tratamaneto seja confundido com doping e o pr\u00f3prio m\u00e9dico do clube Corinthians afirmou que Ronaldo n\u00e3o tinha esta doen\u00e7a. Al\u00e9m do mais esta doen\u00e7a evita emagrecer mas n\u00e3o engorda.<\/p>\n","protected":false},"excerpt":{"rendered":"<p>Tempo de leitura: 30 minutos S\u00e3o Paulo(SP) &#8211; O atacante do Sport Club Corinthians Paulista Ronaldo Lu\u00eds Naz\u00e1rio de Lima(Ronaldo [&hellip;]<\/p>\n","protected":false},"author":1,"featured_media":0,"comment_status":"open","ping_status":"open","sticky":false,"template":"","format":"standard","meta":[],"categories":[35],"tags":[],"amp_enabled":true,"_links":{"self":[{"href":"https:\/\/obeabadosertao.com.br\/portal\/wp-json\/wp\/v2\/posts\/4471"}],"collection":[{"href":"https:\/\/obeabadosertao.com.br\/portal\/wp-json\/wp\/v2\/posts"}],"about":[{"href":"https:\/\/obeabadosertao.com.br\/portal\/wp-json\/wp\/v2\/types\/post"}],"author":[{"embeddable":true,"href":"https:\/\/obeabadosertao.com.br\/portal\/wp-json\/wp\/v2\/users\/1"}],"replies":[{"embeddable":true,"href":"https:\/\/obeabadosertao.com.br\/portal\/wp-json\/wp\/v2\/comments?post=4471"}],"version-history":[{"count":1,"href":"https:\/\/obeabadosertao.com.br\/portal\/wp-json\/wp\/v2\/posts\/4471\/revisions"}],"predecessor-version":[{"id":9122,"href":"https:\/\/obeabadosertao.com.br\/portal\/wp-json\/wp\/v2\/posts\/4471\/revisions\/9122"}],"wp:attachment":[{"href":"https:\/\/obeabadosertao.com.br\/portal\/wp-json\/wp\/v2\/media?parent=4471"}],"wp:term":[{"taxonomy":"category","embeddable":true,"href":"https:\/\/obeabadosertao.com.br\/portal\/wp-json\/wp\/v2\/categories?post=4471"},{"taxonomy":"post_tag","embeddable":true,"href":"https:\/\/obeabadosertao.com.br\/portal\/wp-json\/wp\/v2\/tags?post=4471"}],"curies":[{"name":"wp","href":"https:\/\/api.w.org\/{rel}","templated":true}]}}