{"id":457,"date":"2004-12-26T00:00:00","date_gmt":"2004-12-27T00:00:00","guid":{"rendered":""},"modified":"2004-12-26T00:00:00","modified_gmt":"2004-12-26T00:00:00","slug":"Policia-Militar-prende-dupla-de-assaltantes","status":"publish","type":"post","link":"https:\/\/obeabadosertao.com.br\/portal\/2004\/12\/26\/Policia-Militar-prende-dupla-de-assaltantes\/","title":{"rendered":"Pol\u00edcia Militar prende dupla de assaltantes"},"content":{"rendered":"<div id=\"tt-temp-estim\">Tempo de leitura: 1 minuto<\/div><p><P class=MsoNormal style=\"MARGIN: 0cm 0cm 0pt; TEXT-ALIGN: justify\"><B style=\"mso-bidi-font-weight: normal\"><I style=\"mso-bidi-font-style: normal\"><SPAN style=\"FONT-SIZE: 10pt; FONT-FAMILY: Verdana\">Da reda\u00e7\u00e3o do B\u00ea-a-b\u00e1 do Sert\u00e3o<?xml:namespace prefix = o ns = \"urn:schemas-microsoft-com:office:office\" \/><o:p><\/o:p><\/SPAN><\/I><\/B><\/P><br \/>\n<P class=MsoNormal style=\"MARGIN: 0cm 0cm 0pt; TEXT-ALIGN: justify\"><SPAN style=\"FONT-SIZE: 10pt; FONT-FAMILY: Verdana\"><o:p>&nbsp;<\/o:p><\/SPAN><\/P><br \/>\n<P class=MsoNormal style=\"MARGIN: 0cm 0cm 0pt; TEXT-ALIGN: justify\"><B style=\"mso-bidi-font-weight: normal\"><SPAN style=\"FONT-SIZE: 10pt; FONT-FAMILY: Verdana\">Sousa(PB)<\/SPAN><\/B><SPAN style=\"FONT-SIZE: 10pt; FONT-FAMILY: Verdana\"> \u2013 Policiais Militares prenderam na noite de ontem(26Dez2004), por voltas das 20h00, nas imedia\u00e7\u00f5es do Espa\u00e7o BR Motel, localizado na BR-230 em Sousa, a dupla de albergados Ant\u00f4nio Raimundo da Silva <SPAN style=\"mso-spacerun: yes\">&nbsp;<\/SPAN>26 anos, solteiro, redidente a Rua Afonso Vieira, n. 08, em Sousa(PB) e Jos\u00e9 Lopes da Silva, 36 anos, agricultor, casado, vulgo \u201cZ\u00e9 Galinha\u201d, residente no Jardim Bela Vista, em Sousa(PB).<o:p><\/o:p><\/SPAN><\/P><br \/>\n<P class=MsoNormal style=\"MARGIN: 0cm 0cm 0pt; TEXT-ALIGN: justify\"><SPAN style=\"FONT-SIZE: 10pt; FONT-FAMILY: Verdana\"><o:p>&nbsp;<\/o:p><\/SPAN><\/P><br \/>\n<P class=MsoNormal style=\"MARGIN: 0cm 0cm 0pt; TEXT-ALIGN: justify\"><SPAN style=\"FONT-SIZE: 10pt; FONT-FAMILY: Verdana\">Consta que os elementos citados se encontravam em plena a\u00e7\u00e3o criminosa, praticando assalto a m\u00e3o armada contra Aldenora Gomes de Diniz, casada, 24 anos, residente a Rua Maria Almeida, bairro Vida Nova, Pombal(PB) e o mototaxista Manuel da Silva Cavalcanti, 58 aanos, casado, residente a rua Castelo Branco, Jardim Bras\u00edlia, Sousa(PB), momento em que uma guarni\u00e7\u00e3o durante rondas na BR-230, por iniciativa pr\u00f3pria, ao passar em frente ao Motel Espa\u00e7o BR, identificou a ocorr\u00eancia do fato t\u00edpico aqui afirmado emprego nesta os meios necess\u00e1rios para conter o crime os infratores reagiram a ordem de pris\u00e3o empregando arma de fogo contra os policiais.<\/SPAN><\/P><br \/>\n<P class=MsoNormal style=\"MARGIN: 0cm 0cm 0pt; TEXT-ALIGN: justify\"><SPAN style=\"FONT-SIZE: 10pt; FONT-FAMILY: Verdana\"><o:p><\/o:p><\/SPAN>&nbsp;<\/P><br \/>\n<P class=MsoNormal style=\"MARGIN: 0cm 0cm 0pt; TEXT-ALIGN: justify\"><SPAN style=\"FONT-SIZE: 10pt; FONT-FAMILY: Verdana\"><o:p><\/o:p><\/SPAN><\/P><SPAN style=\"FONT-SIZE: 10pt; FONT-FAMILY: Verdana; mso-fareast-font-family: 'Times New Roman'; mso-bidi-font-family: 'Times New Roman'; mso-ansi-language: PT-BR; mso-fareast-language: PT-BR; mso-bidi-language: AR-SA\"><br \/>\n<P class=MsoNormal style=\"MARGIN: 0cm 0cm 0pt; TEXT-ALIGN: justify\"><SPAN style=\"FONT-SIZE: 10pt; FONT-FAMILY: Verdana\">Diante da situa\u00e7\u00e3o os policiais militares, no intuito do cumprimento do dever legal em legitima defesa, reagiram na propor\u00e7\u00e3o da a\u00e7\u00e3o os infratores, culminando com a pris\u00e3o em flagrante da dupla no local do crime. Ap\u00f3s a troca de tiros foram levados ao Hospital Santa Terezinha em seguida foram conduzidos para a 2\u00aa Delegacia de Pol\u00edcia Militar, sendo entregues a Delegada plantonista Maria Madalena Gomes Pereira, juntamente com os autos de resist\u00eancia e os laudos m\u00e9dicos.<\/SPAN><\/P><\/SPAN><\/p>\n","protected":false},"excerpt":{"rendered":"<p>Belo e Z\u00e9 Galinha foram devolvidos ao Pres\u00eddio de Sousa<\/p>\n","protected":false},"author":1,"featured_media":0,"comment_status":"open","ping_status":"","sticky":false,"template":"","format":"standard","meta":[],"categories":[19],"tags":[],"amp_enabled":true,"_links":{"self":[{"href":"https:\/\/obeabadosertao.com.br\/portal\/wp-json\/wp\/v2\/posts\/457"}],"collection":[{"href":"https:\/\/obeabadosertao.com.br\/portal\/wp-json\/wp\/v2\/posts"}],"about":[{"href":"https:\/\/obeabadosertao.com.br\/portal\/wp-json\/wp\/v2\/types\/post"}],"author":[{"embeddable":true,"href":"https:\/\/obeabadosertao.com.br\/portal\/wp-json\/wp\/v2\/users\/1"}],"replies":[{"embeddable":true,"href":"https:\/\/obeabadosertao.com.br\/portal\/wp-json\/wp\/v2\/comments?post=457"}],"version-history":[{"count":0,"href":"https:\/\/obeabadosertao.com.br\/portal\/wp-json\/wp\/v2\/posts\/457\/revisions"}],"wp:attachment":[{"href":"https:\/\/obeabadosertao.com.br\/portal\/wp-json\/wp\/v2\/media?parent=457"}],"wp:term":[{"taxonomy":"category","embeddable":true,"href":"https:\/\/obeabadosertao.com.br\/portal\/wp-json\/wp\/v2\/categories?post=457"},{"taxonomy":"post_tag","embeddable":true,"href":"https:\/\/obeabadosertao.com.br\/portal\/wp-json\/wp\/v2\/tags?post=457"}],"curies":[{"name":"wp","href":"https:\/\/api.w.org\/{rel}","templated":true}]}}