{"id":5070,"date":"2011-06-13T00:00:00","date_gmt":"2011-06-13T00:00:00","guid":{"rendered":""},"modified":"2011-06-13T00:00:00","modified_gmt":"2011-06-13T00:00:00","slug":"Calcadao-do-Cabo-Branco-destruido-pelo-mar-sera-liberado-ainda-este-mes","status":"publish","type":"post","link":"https:\/\/obeabadosertao.com.br\/portal\/2011\/06\/13\/Calcadao-do-Cabo-Branco-destruido-pelo-mar-sera-liberado-ainda-este-mes\/","title":{"rendered":"Cal\u00e7ad\u00e3o do Cabo Branco destru\u00eddo pelo mar ser\u00e1 liberado ainda este m\u00eas"},"content":{"rendered":"<div id=\"tt-temp-estim\">Tempo de leitura: 4 minutos<\/div><p style=\"text-align: justify;\"><strong><span style=\"font-size: small;\"><span style=\"font-family: Verdana;\"><br \/>\nJo&atilde;o Pessoa(PB) &#8211;<\/span><\/span><\/strong><span style=\"font-size: small;\"><span style=\"font-family: Verdana;\"> Antes do S&atilde;o Jo&atilde;o, os trechos da via e do cal&ccedil;ad&atilde;o do Cabo Branco destru&iacute;dos pela for&ccedil;a do mar devem ser liberados ao p&uacute;blico. As obras est&atilde;o sendo finalizadas e a Prefeitura Municipal de Jo&atilde;o Pessoa(<span style=\"font-family: Arial;\">PMJP<\/span>) aguarda a libera&ccedil;&atilde;o de recursos de R$ 15 milh&otilde;es pela Caixa Econ&ocirc;mica Federal para executar um plano definitivo de conten&ccedil;&atilde;o da mar&eacute;, com interven&ccedil;&otilde;es na &aacute;rea que vai da Pra&ccedil;a de Iemanj&aacute; at&eacute; a Pra&ccedil;a do Sol Nascente, na Ponta do Seixas. Em Mana&iacute;ra, a recupera&ccedil;&atilde;o do cal&ccedil;ad&atilde;o deve ficar pronta em at&eacute; 30 dias.<\/p>\n<p>\n<\/span><\/span><span style=\"font-size: small;\"><span style=\"font-family: Verdana;\">Uma mar&eacute; de 2,7 metros de altura, em abril, atingiu o muro de arrimo, a cal&ccedil;ada, a ciclovia e o asfalto do final da praia de Cabo Branco, mas de acordo com o secret&aacute;rio de Infraestrutura, Marcelo Cavalcanti, o trecho ser&aacute; liberado em duas semanas. &ldquo;<em>As obras est&atilde;o sendo finalizadas. A cal&ccedil;ada j&aacute; foi recapeada e s&oacute; falta ser feito a pavimenta&ccedil;&atilde;o do asfalto, o que deve ser terminado antes do S&atilde;o Jo&atilde;o<\/em>&rdquo;, diz o secret&aacute;rio.<\/span><\/span><\/p>\n<p style=\"text-align: justify;\"><span style=\"font-size: small;\"><span style=\"font-family: Verdana;\"><img decoding=\"async\" align=\"absMiddle\" src=\"\/UserFiles\/Image\/cidades\/joao_pessoa_pb\/13junho2011_obras_orla_cabo_branco_joao_pessoa_pb_465b.jpg\" alt=\"\" \/><\/span><\/span><br \/>\n<span style=\"font-size: small;\"><span style=\"font-family: Verdana;\"><br \/>\nEle afirma que a medida definitiva para preven&ccedil;&atilde;o da for&ccedil;a da mar&eacute; naquele trecho do litoral pessoense, ao p&eacute; da barreira do Cabo Branco, est&aacute; no aguardo de autoriza&ccedil;&atilde;o para ser realizado pela secretaria de Planejamento. &ldquo;<em>A Prefeitura tem um projeto para construir um muro de pedras em trechos na &aacute;rea que vai da Pra&ccedil;a de Iemanj&aacute; &agrave; do Sol Nascente. Al&eacute;m disso, ser&atilde;o colocados corais artificiais no mar, para impedir seu avan&ccedil;o e o efeito erosivo na barreira<\/em>&rdquo;, explica Marcelo Cavalcanti.<\/span><\/span><br \/>\n<span style=\"font-size: small;\"><span style=\"font-family: Verdana;\"><br \/>\nConforme o secret&aacute;rio, o projeto est&aacute; or&ccedil;ado em R$ 15 milh&otilde;es, em recursos federais, que est&atilde;o sob an&aacute;lise da Caixa Econ&ocirc;mica Federal. Ele destaca que a medida &eacute; fruto de estudo realizado em parceria pelas universidades federais da Para&iacute;ba, de Pernambuco e do Cear&aacute;, em que pesquisadores analisaram a a&ccedil;&atilde;o do mar na &aacute;rea durante 24 meses. &ldquo;<em>Esta &eacute; a solu&ccedil;&atilde;o com menos impacto para o meio ambiente<\/em>&rdquo;, frisa o secret&aacute;rio.<\/p>\n<p><span style=\"color: rgb(0, 0, 255);\"><span style=\"font-size: medium;\"><span style=\"font-family: Arial;\"><strong>Mana&iacute;ra<\/strong><\/span><\/span><\/span><br \/>\nAs obras do cal&ccedil;ad&atilde;o de Mana&iacute;ra devem ser finalizadas em aproximadamente um m&ecirc;s. De acordo com Marcelo Cavalcanti, a a&ccedil;&atilde;o envolve a constru&ccedil;&atilde;o de um muro de gabi&atilde;o de 83 metros de extens&atilde;o, inserido na profundidade de 1,5 metros abaixo do n&iacute;vel do mar. O objetivo &eacute; proteger as funda&ccedil;&otilde;es do muro de arrimo existente no cal&ccedil;ad&atilde;o de Mana&iacute;ra, que tamb&eacute;m foi danificado pela for&ccedil;a da mar&eacute; alta.<\/span><\/span><\/p>\n<p style=\"text-align: justify;\"><span style=\"font-size: small;\">        <\/span><span style=\"font-size: small;\"><span style=\"font-family: Verdana;\"><img fetchpriority=\"high\" decoding=\"async\" height=\"311\" align=\"absMiddle\" width=\"465\" src=\"\/UserFiles\/Image\/cidades\/joao_pessoa_pb\/13junho2011_obras_orla_cabo_branco_joao_pessoa_pb_465a.jpg\" alt=\"\" \/><\/span><\/span><br \/>\n<span style=\"font-size: small;\"><span style=\"font-family: Verdana;\"><br \/>\n&ldquo;<em>O trabalho segue em ritmo lento porque s&oacute; pode ser feito quando a mar&eacute; est&aacute; baixa, e como a empresa que executa os servi&ccedil;os n&atilde;o o faz a noite, a a&ccedil;&atilde;o s&oacute; pode ser realizada em um per&iacute;odo m&eacute;dio de quatro a cinco horas por dia<\/em>&rdquo;, afirma o secret&aacute;rio de Infraestrutura <\/span><\/span><span style=\"font-size: small;\"><span style=\"font-family: Verdana;\">Marcelo Cavalcanti<\/span><\/span><span style=\"font-size: small;\"><span style=\"font-family: Verdana;\">.<\/span><\/span><span style=\"font-size: small;\"><span style=\"font-family: Verdana;\"><\/p>\n<p><span style=\"color: rgb(0, 0, 255);\"><span style=\"font-size: medium;\"><span style=\"font-family: Arial;\"><strong>Novo auxiliar<\/strong><\/span><\/span><\/span><br \/>\nPrefeito Luciano Agra nomeia Engenheiro Marcelo Cavalcanti para Infraestrutura<br \/>\nCom uma mudan&ccedil;a administrativa feita pelo Prefeito de Joao Pessoa Luciano Agra, na sua equipe de auxiliares, na segunda-feira(<span style=\"font-family: Arial;\">06Junho2011<\/span>) o engenheiro civil, Marcelo Cavalcanti, assumiu interinamente a titularidade da Secretaria de Infraestrutura(<span style=\"font-family: Arial;\">Seinfra<\/span>). O novo secret&aacute;rio j&aacute; passou por v&aacute;rios cargos na Administra&ccedil;&atilde;o Municipal. O engenheiro Hermes Felinto, que estava &agrave; frente da pasta desde o inicio de 2011, ap&oacute;s 33 anos de servi&ccedil;o p&uacute;blico encerrou suas atividade com a aposentadoria.<\/span><\/span><\/p>\n<p><img decoding=\"async\" height=\"311\" align=\"absMiddle\" width=\"465\" src=\"\/UserFiles\/Image\/executivos_publicos\/engenheiro_marcelo_cavalcanti_secret_infra_estrutura_joao_pessoa_pb_465.jpg\" alt=\"\" \/><\/p>\n<p><span style=\"font-size: small;\"><span style=\"font-family: Verdana;\">Marcelo Cavalcanti<strong>(<span style=\"color: rgb(255, 0, 0);\"><span style=\"font-family: Arial;\">Foto acima<\/span><\/span>)<\/strong> &eacute; engenheiro civil com especialidade na &aacute;rea de Avalia&ccedil;&atilde;o e Per&iacute;cias de Engenharia, pela Faculdade Oswaldo Cruz, de S&atilde;o Paulo. Cavalcanti esta entre os auxiliares do Governo Municipal desde o inicio da gest&atilde;o desde 2006. J&aacute; passou pela Assessoria da Secretaria de Planejamento(<span style=\"font-family: Arial;\">Seplan<\/span>); foi secret&aacute;rio Interino de Planejamento(<span style=\"font-family: Arial;\">2008<\/span>); coordenador do Programa de Acelera&ccedil;&atilde;o do Crescimento(<span style=\"font-family: Arial;\">mais conhecido como PAC<\/span>); coordenador da Unidade Executiva Municipal da Seplan e secret&aacute;rio adjunto da Infraestrutura(<span style=\"font-family: Arial;\">Seinfra<\/span>).<\/span><\/span><\/p>\n<p>\n<span style=\"font-size: small;\"><span style=\"font-family: Verdana;\">Marcelo Cavalcanti assumiu para dar continuidade ao trabalho que vem sendo implantado na Capital a exemplo da expans&atilde;o do plano de pavimenta&ccedil;&atilde;o, ilumina&ccedil;&atilde;o p&uacute;blica, bem como na fiscaliza&ccedil;&atilde;o das obras executadas pela Prefeitura de Jo&atilde;o Pessoa.<\/span><\/span><\/p>\n","protected":false},"excerpt":{"rendered":"<p>Cal\u00e7ad\u00e3o da Praia do Cabo Branco em Jo\u00e3o Pessoa(PB).<\/p>\n","protected":false},"author":1,"featured_media":0,"comment_status":"open","ping_status":"","sticky":false,"template":"","format":"standard","meta":[],"categories":[21],"tags":[],"amp_enabled":true,"_links":{"self":[{"href":"https:\/\/obeabadosertao.com.br\/portal\/wp-json\/wp\/v2\/posts\/5070"}],"collection":[{"href":"https:\/\/obeabadosertao.com.br\/portal\/wp-json\/wp\/v2\/posts"}],"about":[{"href":"https:\/\/obeabadosertao.com.br\/portal\/wp-json\/wp\/v2\/types\/post"}],"author":[{"embeddable":true,"href":"https:\/\/obeabadosertao.com.br\/portal\/wp-json\/wp\/v2\/users\/1"}],"replies":[{"embeddable":true,"href":"https:\/\/obeabadosertao.com.br\/portal\/wp-json\/wp\/v2\/comments?post=5070"}],"version-history":[{"count":0,"href":"https:\/\/obeabadosertao.com.br\/portal\/wp-json\/wp\/v2\/posts\/5070\/revisions"}],"wp:attachment":[{"href":"https:\/\/obeabadosertao.com.br\/portal\/wp-json\/wp\/v2\/media?parent=5070"}],"wp:term":[{"taxonomy":"category","embeddable":true,"href":"https:\/\/obeabadosertao.com.br\/portal\/wp-json\/wp\/v2\/categories?post=5070"},{"taxonomy":"post_tag","embeddable":true,"href":"https:\/\/obeabadosertao.com.br\/portal\/wp-json\/wp\/v2\/tags?post=5070"}],"curies":[{"name":"wp","href":"https:\/\/api.w.org\/{rel}","templated":true}]}}