{"id":5251,"date":"2011-08-04T00:00:00","date_gmt":"2011-08-04T00:00:00","guid":{"rendered":""},"modified":"2011-08-04T00:00:00","modified_gmt":"2011-08-04T00:00:00","slug":"Capital-sediara-III-Conferencia-Regional-de-Politicas-para-as-Mulheres","status":"publish","type":"post","link":"https:\/\/obeabadosertao.com.br\/portal\/2011\/08\/04\/Capital-sediara-III-Conferencia-Regional-de-Politicas-para-as-Mulheres\/","title":{"rendered":"Capital sediar\u00e1 III Confer\u00eancia Regional de Pol\u00edticas para as Mulheres"},"content":{"rendered":"<div id=\"tt-temp-estim\">Tempo de leitura: 2 minutos<\/div><p style=\"text-align: justify;\"><span style=\"font-size: small;\"><span style=\"font-family: Verdana;\"><br \/>\n<strong>Jo&atilde;o Pessoa(PB) &#8211;<\/strong> Come&ccedil;a na pr&oacute;xima segunda-feira(<span style=\"font-family: Arial;\">08Agosto2011<\/span>) o per&iacute;odo de inscri&ccedil;&atilde;o para as pessoas interessadas em participar das discuss&otilde;es da &lsquo;<em>III Confer&ecirc;ncia Regional de Pol&iacute;ticas para as Mulheres da Grande Jo&atilde;o Pessoa<\/em>&rsquo;. Est&atilde;o sendo disponibilizadas 400 vagas. O prazo se encerra j&aacute; na sexta-feira(<span style=\"font-family: Arial;\">12Agosto2011<\/span>), com exce&ccedil;&atilde;o dos munic&iacute;pios de Conde, Cabedelo e Santa Rita, que tamb&eacute;m participar&atilde;o da Confer&ecirc;ncia e tem prazos estendidos at&eacute; dia 20 de agosto.<\/p>\n<p>\nPodem participar do evento representantes dos governos Municipais e tamb&eacute;m da sociedade civil. Para a sociedade civil as vagas ser&atilde;o distribu&iacute;das entre os movimentos de mulheres e sociais, sindicatos, grupo de mulheres referenciadas em pol&iacute;ticas de inclus&atilde;o s&oacute;cio-econ&ocirc;mica da Prefeitura e do meio popular, portadoras de defici&ecirc;ncia, partid&aacute;rias e feministas aut&ocirc;nomas.<\/p>\n<p><span style=\"color: rgb(0, 0, 255);\"><span style=\"font-size: medium;\"><span style=\"font-family: Arial;\"><strong>Confer&ecirc;ncia<\/strong><\/span><\/span><\/span><br \/>\nA abertura da &lsquo;<em>III Confer&ecirc;ncia Regional de Pol&iacute;ticas para as Mulheres da Grande Jo&atilde;o Pessoa<\/em>&rsquo; est&aacute; programada para acontecer no dia 25 de agosto(<span style=\"font-family: Arial;\">quinta-feira<\/span>), &agrave;s 18 horas, no Audit&oacute;rio do Servi&ccedil;o Social de Ind&uacute;stria(<span style=\"font-family: Arial;\">Sesi<\/span>), no Centro. Nos dias 26(<span style=\"font-family: Arial;\">sexta-feira<\/span>) e 27(<span style=\"font-family: Arial;\">s&aacute;bado<\/span>), o evento acontece no Cine Bangu&ecirc; da Funda&ccedil;&atilde;o Espa&ccedil;o Cultural da Para&iacute;ba(<span style=\"font-family: Arial;\">Funesc<\/span>), bairro de Tambauzinho.<\/p>\n<p>\nA Confer&ecirc;ncia tem o objetivo de discutir e elaborar pol&iacute;ticas p&uacute;blicas voltadas &agrave; constru&ccedil;&atilde;o da igualdade, tendo como perspectiva o fortalecimento da autonomia econ&ocirc;mica, cultural e pol&iacute;tica das mulheres, contribuindo para a erradica&ccedil;&atilde;o da extrema pobreza e para o exerc&iacute;cio da cidadania das mulheres no Brasil. Al&eacute;m disso, servir ao prop&oacute;sito de avaliar e aprimorar as a&ccedil;&otilde;es e pol&iacute;ticas do II Plano Nacional de Pol&iacute;ticas para as Mulheres.<\/p>\n<p>\n<span style=\"color: rgb(0, 0, 255);\"><span style=\"font-size: medium;\"><span style=\"font-family: Arial;\"><strong><br \/>\nReuni&otilde;es<\/strong><\/span><\/span><\/span><br \/>\nA Secretaria de Pol&iacute;ticas P&uacute;blicas para as Mulheres est&aacute; realizando uma s&eacute;rie de reuni&otilde;es preparativas para o evento. A pr&oacute;xima est&aacute; agendada para a quarta-feira(<span style=\"font-family: Arial;\">10Agosto2011<\/span>), &agrave;s 14 horas, no Casar&atilde;o 34. A coordena&ccedil;&atilde;o do encontro est&aacute; sob a responsabilidade da Secretaria de Pol&iacute;ticas para as Mulheres da Prefeitura de Jo&atilde;o Pessoa e do Conselho Municipal dos Direitos da Mulher. Mais informa&ccedil;&otilde;es atrav&eacute;s do telefone (<span style=\"font-family: Arial;\">83<\/span>) 3218-5628. <\/span><\/span><\/p>\n","protected":false},"excerpt":{"rendered":"<p>Tempo de leitura: 2 minutos Jo&atilde;o Pessoa(PB) &#8211; Come&ccedil;a na pr&oacute;xima segunda-feira(08Agosto2011) o per&iacute;odo de inscri&ccedil;&atilde;o para as pessoas interessadas [&hellip;]<\/p>\n","protected":false},"author":1,"featured_media":0,"comment_status":"open","ping_status":"","sticky":false,"template":"","format":"standard","meta":[],"categories":[21],"tags":[],"amp_enabled":true,"_links":{"self":[{"href":"https:\/\/obeabadosertao.com.br\/portal\/wp-json\/wp\/v2\/posts\/5251"}],"collection":[{"href":"https:\/\/obeabadosertao.com.br\/portal\/wp-json\/wp\/v2\/posts"}],"about":[{"href":"https:\/\/obeabadosertao.com.br\/portal\/wp-json\/wp\/v2\/types\/post"}],"author":[{"embeddable":true,"href":"https:\/\/obeabadosertao.com.br\/portal\/wp-json\/wp\/v2\/users\/1"}],"replies":[{"embeddable":true,"href":"https:\/\/obeabadosertao.com.br\/portal\/wp-json\/wp\/v2\/comments?post=5251"}],"version-history":[{"count":0,"href":"https:\/\/obeabadosertao.com.br\/portal\/wp-json\/wp\/v2\/posts\/5251\/revisions"}],"wp:attachment":[{"href":"https:\/\/obeabadosertao.com.br\/portal\/wp-json\/wp\/v2\/media?parent=5251"}],"wp:term":[{"taxonomy":"category","embeddable":true,"href":"https:\/\/obeabadosertao.com.br\/portal\/wp-json\/wp\/v2\/categories?post=5251"},{"taxonomy":"post_tag","embeddable":true,"href":"https:\/\/obeabadosertao.com.br\/portal\/wp-json\/wp\/v2\/tags?post=5251"}],"curies":[{"name":"wp","href":"https:\/\/api.w.org\/{rel}","templated":true}]}}