{"id":5506,"date":"2011-10-07T00:00:00","date_gmt":"2011-10-07T00:00:00","guid":{"rendered":""},"modified":"2011-10-07T00:00:00","modified_gmt":"2011-10-07T00:00:00","slug":"Sistema-de-Seguranca-Alimentar-e-implantado-na-Paraiba","status":"publish","type":"post","link":"https:\/\/obeabadosertao.com.br\/portal\/2011\/10\/07\/Sistema-de-Seguranca-Alimentar-e-implantado-na-Paraiba\/","title":{"rendered":"Sistema de Seguran\u00e7a Alimentar \u00e9 implantado na Para\u00edba"},"content":{"rendered":"<div id=\"tt-temp-estim\">Tempo de leitura: 3 minutos<\/div><p style=\"text-align: justify;\"><span style=\"font-size: small;\"><span style=\"font-family: Verdana;\"><br \/>\n<strong>Jo&atilde;o Pessoa(PB) &#8211;<\/strong> O Sistema Nacional de Seguran&ccedil;a Alimentar(<span style=\"font-family: Arial;\">Sisan<\/span>) est&aacute; sendo implantado na Para&iacute;ba para garantir o principal direito do ser humano: a alimenta&ccedil;&atilde;o. O Sisan foi apresentado nesta sexta-feira(<span style=\"font-family: Arial;\">07Outubro2011<\/span>), na Federa&ccedil;&atilde;o dos Trabalhadores da Agricultura(<span style=\"font-family: Arial;\">Fetag<\/span>), em Jo&atilde;o Pessoa, pela Secretaria de Estado de Desenvolvimento Humano(<span style=\"font-family: Arial;\">SEDH<\/span>) a cerca de 120 pessoas, entre t&eacute;cnicos do Governo do Estado, representantes da sociedade civil e organizada e conselheiros de seguran&ccedil;a alimentar.<\/p>\n<p><img fetchpriority=\"high\" decoding=\"async\" width=\"465\" height=\"311\" align=\"absMiddle\" src=\"\/UserFiles\/Image\/politica\/gov_pb\/07out2011_sistema_nacional_de_seguranca_alimentar%20_pb_lancamento_465.jpg\" alt=\"\" \/><\/p>\n<p>&quot;<em>Estamos dando o primeiro passo para implantar o Sistema no Estado. Os conselhos municipais de seguran&ccedil;a alimentar v&atilde;o come&ccedil;ar a fazer um levantamento das pessoas que est&atilde;o nesta situa&ccedil;&atilde;o no Estado. Com isso, garantiremos alimenta&ccedil;&atilde;o a quem ainda n&atilde;o tem este direito<\/em>&rdquo;, disse a coordenadora do N&uacute;cleo de Seguran&ccedil;a Alimentar e Nutricional da SEDH, Jacileide Lopes.<\/p>\n<p>\nSegundo ela, na Para&iacute;ba ainda existem cerca de 600 mil pessoas que n&atilde;o t&ecirc;m acesso &agrave;s tr&ecirc;s refei&ccedil;&otilde;es. Jacileide Lopes acrescentou que o Governo do Estado se comprometeu em construir e implementar o Plano Estadual de Seguran&ccedil;a Alimentar e Nutricional. A ades&atilde;o oficial da Para&iacute;ba ao Sisan ser&aacute; durante a 4&ordf; Confer&ecirc;ncia Nacional de Seguran&ccedil;a Alimentar, que acontecer&aacute; em novembro, na Bahia.<\/p>\n<p>\n<span style=\"color: rgb(0, 0, 255);\"><span style=\"font-size: medium;\"><span style=\"font-family: Arial;\"><strong><br \/>\nParticipantes<\/strong><\/span><\/span><\/span><br \/>\nEntre os participantes estava o representante do povo ind&iacute;gena, o cacique Tabajara Ednaldo dos Santos Silva. Ele destacou que os &iacute;ndios precisam de orienta&ccedil;&atilde;o sobre qualidade da alimenta&ccedil;&atilde;o. &quot;<em>A gente est&aacute; com uma grande expectativa, porque esta &eacute; a primeira vez que teremos uma pol&iacute;tica alimentar voltada para o povo ind&iacute;gena. Esperamos que a alimenta&ccedil;&atilde;o, principalmente das nossas crian&ccedil;as, seja melhorada a cada dia<\/em>&rdquo;, destacou.<\/p>\n<p>\n<span style=\"color: rgb(0, 0, 255);\"><span style=\"font-size: medium;\"><span style=\"font-family: Arial;\"><strong><br \/>\nPalestras<\/strong><\/span><\/span><\/span><br \/>\nPela manh&atilde;, houve a apresenta&ccedil;&atilde;o do Sisan pelo t&eacute;cnico da ger&ecirc;ncia executiva de Apoio a Programas Governamentais da SEDH, W&eacute;cio Pinheiro, e o presidente do Conselho Estadual de Seguran&ccedil;a Alimentar e Nutricional, Arimat&eacute;ia Fran&ccedil;a, falou sobre a Lei Org&acirc;nica de Seguran&ccedil;a Alimentar e Nutricional(<span style=\"font-family: Arial;\">Losan<\/span>) e o Direito Humano &agrave; Alimenta&ccedil;&atilde;o Adequada(<span style=\"font-family: Arial;\">DHAA<\/span>).<\/p>\n<p>\nDurante o semin&aacute;rio, a coordenadora estadual do Programa de Aquisi&ccedil;&atilde;o de Alimento(<span style=\"font-family: Arial;\">PAA<\/span>), Adelina Moreira, explicou como funciona o programa que existe em 14 munic&iacute;pios. O PAA compra a produ&ccedil;&atilde;o agr&iacute;cola diretamente do agricultor familiar e destina a escolas p&uacute;blicas e programas sociais. S&atilde;o beneficiadas pelo PAA cerca de 70 mil pessoas, entre agricultores e usu&aacute;rios de programas sociais.<\/p>\n<p>\n<span style=\"color: rgb(0, 0, 255);\"><span style=\"font-size: medium;\"><span style=\"font-family: Arial;\"><strong><br \/>\nParcerias<\/strong><\/span><\/span><\/span><br \/>\nA Universidade Federal da Para&iacute;ba(<span style=\"font-family: Arial;\">UFPB<\/span>) &eacute; uma das parceiras para a implanta&ccedil;&atilde;o do Sistema no Estado. &quot;<em>A gente acompanha com ansiedade este Sistema no qual a UFPB &eacute; parceira nesta implanta&ccedil;&atilde;o. A Universidade tem os laborat&oacute;rios de qualidade, sobretudo de alimentos, na &aacute;rea de tecnologia tamb&eacute;m e vem contribuir ainda na seguran&ccedil;a de novos produtos que contemplem as voca&ccedil;&otilde;es de cada uma das regi&otilde;es paraibanas<\/em>&rdquo;, afirmou o diretor do Centro de Tecnologia e Desenvolvimento Regional, da UFPB, Jos&eacute; Marcelino Carvalheiro.<\/p>\n<p>\n<span style=\"color: rgb(0, 0, 255);\"><span style=\"font-size: medium;\"><span style=\"font-family: Arial;\"><strong><br \/>\nSemin&aacute;rios<\/strong><\/span><\/span><\/span><br \/>\nDurante este m&ecirc;s ser&atilde;o realizados semin&aacute;rios em todo o Estado sobre o Sisan. No dia 13, o evento ser&aacute; realizado no Hotel Fazenda Vale das Espinharas, em Patos. Dia 14, em Cajazeiras, no audit&oacute;rio da CDL, dia 21 em Campina Grande, no Hotel Serrano e, encerrando a programa&ccedil;&atilde;o, dia 28 em Guarabira, no Hotel Victory.<\/span><\/span><\/p>\n","protected":false},"excerpt":{"rendered":"<p>O Secret\u00e1rio Chefe de Governo Lindolfo Pires presidiu os trabalhos do encontro.<\/p>\n","protected":false},"author":1,"featured_media":0,"comment_status":"open","ping_status":"","sticky":false,"template":"","format":"standard","meta":[],"categories":[21],"tags":[],"amp_enabled":true,"_links":{"self":[{"href":"https:\/\/obeabadosertao.com.br\/portal\/wp-json\/wp\/v2\/posts\/5506"}],"collection":[{"href":"https:\/\/obeabadosertao.com.br\/portal\/wp-json\/wp\/v2\/posts"}],"about":[{"href":"https:\/\/obeabadosertao.com.br\/portal\/wp-json\/wp\/v2\/types\/post"}],"author":[{"embeddable":true,"href":"https:\/\/obeabadosertao.com.br\/portal\/wp-json\/wp\/v2\/users\/1"}],"replies":[{"embeddable":true,"href":"https:\/\/obeabadosertao.com.br\/portal\/wp-json\/wp\/v2\/comments?post=5506"}],"version-history":[{"count":0,"href":"https:\/\/obeabadosertao.com.br\/portal\/wp-json\/wp\/v2\/posts\/5506\/revisions"}],"wp:attachment":[{"href":"https:\/\/obeabadosertao.com.br\/portal\/wp-json\/wp\/v2\/media?parent=5506"}],"wp:term":[{"taxonomy":"category","embeddable":true,"href":"https:\/\/obeabadosertao.com.br\/portal\/wp-json\/wp\/v2\/categories?post=5506"},{"taxonomy":"post_tag","embeddable":true,"href":"https:\/\/obeabadosertao.com.br\/portal\/wp-json\/wp\/v2\/tags?post=5506"}],"curies":[{"name":"wp","href":"https:\/\/api.w.org\/{rel}","templated":true}]}}