{"id":5693,"date":"2011-11-14T00:00:00","date_gmt":"2011-11-14T00:00:00","guid":{"rendered":""},"modified":"2011-11-14T00:00:00","modified_gmt":"2011-11-14T00:00:00","slug":"Municipios-do-Semi-arido-Nordestino-farao-encontro-em-Mossoro","status":"publish","type":"post","link":"https:\/\/obeabadosertao.com.br\/portal\/2011\/11\/14\/Municipios-do-Semi-arido-Nordestino-farao-encontro-em-Mossoro\/","title":{"rendered":"Munic\u00edpios do Semi-\u00e1rido Nordestino far\u00e3o encontro em Mossor\u00f3"},"content":{"rendered":"<div id=\"tt-temp-estim\">Tempo de leitura: 3 minutos<\/div><p style=\"text-align: justify;\"><span style=\"font-size: small;\"><span style=\"font-family: Verdana;\"><br \/>\n<span style=\"color: rgb(255, 0, 0);\"><span style=\"font-family: Arial;\"><strong><em>O projeto de implanta&ccedil;&atilde;o da Zona Franca do Semi-&Aacute;rido ser&aacute; um dos temas a serem debatidos, al&eacute;m do Plano de Viabilidades, que s&atilde;o propostas da UBAM.<\/em><\/strong><\/span><\/span><\/p>\n<p>A Uni&atilde;o Brasileira de Munic&iacute;pios(<span style=\"font-family: Arial;\">UBAM<\/span>) estar&aacute; reunindo prefeitos, secret&aacute;rios e estudantes universit&aacute;rios no Encontro de Munic&iacute;pios do Semi-&Aacute;rido Nordestino &#8211; Plano de Viabilidades, no dia 29 de novembro de 2011, &agrave;s 19h00m, no Audit&oacute;rio da Universidade Federal Rural do Semi-&Aacute;rido(<span style=\"font-family: Arial;\">UFERSA<\/span>), no Munic&iacute;pio de Mossor&oacute;.<\/p>\n<p>\nO Encontro faz parte de um calend&aacute;rio de eventos que ser&atilde;o promovidos pela UBAM em todos os oito Munic&iacute;pios inseridos no Projeto da Zona Franca do Semi-&Aacute;rido, os quais receber&atilde;o investimentos de mais de cinco bilh&otilde;es de reais que, al&eacute;m de outras fontes, poder&atilde;o ser destinados pelo Programa de Acelera&ccedil;&atilde;o do Crescimento (<span style=\"font-family: Arial;\">PAC<\/span>).<\/p>\n<p>\nUm dos temas mais importantes que ser&atilde;o debatidos &eacute; a redu&ccedil;&atilde;o das desigualdades regionais, que um &eacute; um princ&iacute;pio constitucional, outro tema &eacute; o programa de viabilidade da regi&atilde;o do Semi-&Aacute;rido nordestino, com propostas para enfrentamento da estiagem, atrav&eacute;s de um projeto de irriga&ccedil;&atilde;o do modelo israelense que garante levar &aacute;gua a grandes dist&acirc;ncias, com custos bem mais baixos.<\/p>\n<p>\nO presidente da Uni&atilde;o Brasileira de Munic&iacute;pios(<span style=\"font-family: Arial;\">UBAM<\/span>), Executivo Leonardo Santana, que &eacute; graduado em Gest&atilde;o P&uacute;blica, garantiu que o maior projeto de reden&ccedil;&atilde;o para as administra&ccedil;&otilde;es municipais do Nordeste, que ser&aacute; tema no evento, &eacute; a Zona Franca do Semi-&Aacute;rido(<span style=\"font-family: Arial;\">ZFSA<\/span>), que ter&aacute; oito P&oacute;los Industriais, com 50 empreendimentos industriais e contemplar&aacute; os Munic&iacute;pios de Mossor&oacute;(<span style=\"font-family: Arial;\">RN<\/span>), Cajazeiras e Soledade(<span style=\"font-family: Arial;\">PB<\/span>), Flores e Serra Talhada(<span style=\"font-family: Arial;\">PE<\/span>), Limoeiro do Norte(<span style=\"font-family: Arial;\">CE<\/span>), Diamantina(<span style=\"font-family: Arial;\">MG<\/span>), Pr&oacute;pri&aacute;(<span style=\"font-family: Arial;\">SE<\/span>), Arapiraca(<span style=\"font-family: Arial;\">AL<\/span>) e Floriano(<span style=\"font-family: Arial;\">PI<\/span>).<\/p>\n<p>\nO Projeto j&aacute; Tramita na C&acirc;mara, atrav&eacute;s da Proposta de Emenda &agrave; Constitui&ccedil;&atilde;o(<span style=\"font-family: Arial;\">PEC<\/span>) n&ordm; 19\/11, solicitada pela UBAM e apresentada pelo deputado federal Wilson Filho(<span style=\"font-family: Arial;\">PMDB-PB<\/span>), que cria a Zona Franca do Semi-&Aacute;rido Nordestino. A PEC altera artigo do Ato das Disposi&ccedil;&otilde;es Constitucionais Transit&oacute;rias. Pela proposta, a zona vai ter caracter&iacute;sticas de &aacute;rea de livre com&eacute;rcio, para exporta&ccedil;&atilde;o e importa&ccedil;&atilde;o com incentivos fiscais, pelo prazo de 30 anos. Essa PEC confere ao governo federal a atribui&ccedil;&atilde;o de demarcar a &aacute;rea de forma cont&iacute;nua, com c&iacute;rculo de raio m&iacute;nimo de 100 quil&ocirc;metros do centro de cada Munic&iacute;pio P&oacute;lo. O objetivo &eacute; interiorizar o desenvolvimento, atrav&eacute;s da implanta&ccedil;&atilde;o de ind&uacute;strias de alta tecnologia e que possam gerar mais de um milh&atilde;o de novos empregos.<\/p>\n<p>\n<span style=\"color: rgb(0, 0, 255);\"><span style=\"font-size: medium;\"><span style=\"font-family: Arial;\"><strong><br \/>\nRedu&ccedil;&atilde;o de desigualdades<\/strong><\/span><\/span><\/span><br \/>\nO presidente da UBAM, autor da proposta, observa que &ldquo;<em>a melhor distribui&ccedil;&atilde;o das atividades econ&ocirc;micas pelo Pa&iacute;s &eacute; um princ&iacute;pio constitucional<\/em>&rdquo;. Reduzir as desigualdades regionais, segundo ele, &eacute; um dos objetivos fundamentais da Rep&uacute;blica. Leonardo Santana ressalta que o Semi-&Aacute;rido vive em situa&ccedil;&atilde;o de atraso econ&ocirc;mico, mesmo possuindo uma &aacute;rea de 981 mil quil&ocirc;metros quadrados, abrangendo 1.134 munic&iacute;pios, somando mais de 22 milh&otilde;es de habitantes.<\/p>\n<p>\nSegundo levantamento da UBAM, o Produto Interno Bruto(<span style=\"font-family: Arial;\">PIB<\/span>) de toda a regi&atilde;o do Semi-&Aacute;rido corresponde a aproximadamente 1\/3 do PIB nordestino. J&aacute; a renda m&eacute;dia do cidad&atilde;o que habita nos Munic&iacute;pios do Semi-&Aacute;rido equivale a apenas 34% da renda m&eacute;dia brasileira.<\/p>\n<p>\n&ldquo;<em>Temos certeza que esse projeto sair&aacute; do papel e deixar&aacute; as gavetas do congresso nacional para se tornar realidade, s&oacute; assim teremos dado in&iacute;cio a verdadeira retomada do crescimento deste gigante adormecido chamado Nordeste<\/em>&rdquo;. Finalizou o presidente da UBAM.<\/p>\n<p><\/span><\/span><span style=\"font-size: x-small;\"><span style=\"font-family: Arial;\"><span style=\"color: rgb(255, 0, 0);\"><em><strong><br \/>\n<\/strong><\/em><\/span><\/span><\/span><span style=\"font-size: xx-small;\"><span style=\"font-family: Arial;\"><span style=\"color: rgb(255, 0, 0);\"><em><strong>* Com <\/strong><u><strong>Gilcivane Carvalho<\/strong><\/u><\/em><strong>(<\/strong><\/span><\/span><span><span style=\"font-family: Arial;\"><span style=\"color: rgb(255, 0, 0);\"><strong>Jornalista)<\/strong><\/span><\/span><\/span><span><span style=\"font-family: Arial;\"><span style=\"color: rgb(255, 0, 0);\"><em><strong>.<\/strong><\/em><\/span><\/span><\/span><\/span><\/p>\n","protected":false},"excerpt":{"rendered":"<p>Tempo de leitura: 3 minutos O projeto de implanta&ccedil;&atilde;o da Zona Franca do Semi-&Aacute;rido ser&aacute; um dos temas a serem [&hellip;]<\/p>\n","protected":false},"author":1,"featured_media":0,"comment_status":"open","ping_status":"","sticky":false,"template":"","format":"standard","meta":[],"categories":[21],"tags":[],"amp_enabled":true,"_links":{"self":[{"href":"https:\/\/obeabadosertao.com.br\/portal\/wp-json\/wp\/v2\/posts\/5693"}],"collection":[{"href":"https:\/\/obeabadosertao.com.br\/portal\/wp-json\/wp\/v2\/posts"}],"about":[{"href":"https:\/\/obeabadosertao.com.br\/portal\/wp-json\/wp\/v2\/types\/post"}],"author":[{"embeddable":true,"href":"https:\/\/obeabadosertao.com.br\/portal\/wp-json\/wp\/v2\/users\/1"}],"replies":[{"embeddable":true,"href":"https:\/\/obeabadosertao.com.br\/portal\/wp-json\/wp\/v2\/comments?post=5693"}],"version-history":[{"count":0,"href":"https:\/\/obeabadosertao.com.br\/portal\/wp-json\/wp\/v2\/posts\/5693\/revisions"}],"wp:attachment":[{"href":"https:\/\/obeabadosertao.com.br\/portal\/wp-json\/wp\/v2\/media?parent=5693"}],"wp:term":[{"taxonomy":"category","embeddable":true,"href":"https:\/\/obeabadosertao.com.br\/portal\/wp-json\/wp\/v2\/categories?post=5693"},{"taxonomy":"post_tag","embeddable":true,"href":"https:\/\/obeabadosertao.com.br\/portal\/wp-json\/wp\/v2\/tags?post=5693"}],"curies":[{"name":"wp","href":"https:\/\/api.w.org\/{rel}","templated":true}]}}