{"id":5705,"date":"2011-11-16T00:00:00","date_gmt":"2011-11-16T00:00:00","guid":{"rendered":""},"modified":"2011-11-16T00:00:00","modified_gmt":"2011-11-16T00:00:00","slug":"Trabalho-voluntario-e-referencia-e-atrai-pacientes-de-varios-estados","status":"publish","type":"post","link":"https:\/\/obeabadosertao.com.br\/portal\/2011\/11\/16\/Trabalho-voluntario-e-referencia-e-atrai-pacientes-de-varios-estados\/","title":{"rendered":"Trabalho volunt\u00e1rio \u00e9 refer\u00eancia e atrai pacientes de v\u00e1rios estados"},"content":{"rendered":"<div id=\"tt-temp-estim\">Tempo de leitura: 6 minutos<\/div><p style=\"text-align: justify;\"><strong><span style=\"font-size: small;\"><span style=\"font-family: Verdana;\"><br \/>\nVieir&oacute;polis(PB) &#8211;<\/span><\/span><\/strong><span style=\"font-size: small;\"><span style=\"font-family: Verdana;\"> Espiritualidade, terapia ocupacional e a boa conviv&ecirc;ncia. Esta &eacute; a ess&ecirc;ncia da filosofia de trabalho desenvolvido pela comunidade &lsquo;<em>Jesus P&eacute;rola Preciosa<\/em>&rsquo; que assiste a jovens com depend&ecirc;ncia qu&iacute;mica. Em pouco mais de seis anos o projeto abra&ccedil;ado por volunt&aacute;rios e mantido por doa&ccedil;&otilde;es j&aacute; assistiu a cerca de 400 rapazes de v&aacute;rios estados nordestinos.<\/p>\n<p><img fetchpriority=\"high\" decoding=\"async\" width=\"465\" height=\"311\" align=\"absMiddle\" alt=\"\" src=\"\/UserFiles\/Image\/religiosos\/entidades\/comunidade_jesus_perola_preciosa_entrada_465.jpg\" \/><\/p>\n<p>Atualmente est&atilde;o internos 28 pessoas. Em m&eacute;dia cada jovem permanece de seis a oito meses na ch&aacute;cara. A ONG, pela efici&ecirc;ncia na recupera&ccedil;&atilde;o de jovens drogados &eacute; muito procurada e hoje a fila de espera por uma vaga<\/span><\/span><span style=\"font-size: small;\"><span style=\"font-family: Verdana;\"> &eacute; de 80 pessoas.<\/p>\n<p><\/span><\/span><span style=\"font-size: small;\"><span style=\"font-family: Verdana;\"><img decoding=\"async\" width=\"465\" height=\"311\" align=\"absMiddle\" alt=\"\" src=\"\/UserFiles\/Image\/religiosos\/entidades\/comunidade_jesus_perola_preciosa_alojamentos_465.jpg\" \/><\/span><\/span><br \/>\n<span style=\"font-size: small;\"><span style=\"font-family: Verdana;\"> <br \/>\nO endere&ccedil;o que tem levado centenas de jovens a se libertar das drogas &eacute; uma ch&aacute;cara de pouco mais de dois hectares na zona rural do munic&iacute;pio de Vieir&oacute;polis, a 460,5 quil&ocirc;metros de Jo&atilde;o Pessoa. O per&iacute;odo m&iacute;nimo para a desintoxica&ccedil;&atilde;o de um dependente qu&iacute;mico &eacute; de seis meses e a recupera&ccedil;&atilde;o dura a vida inteira.<\/p>\n<p>\n<span style=\"color: rgb(0, 0, 255);\"><span style=\"font-size: medium;\"><span style=\"font-family: Arial;\"><strong><br \/>\nOs tr&ecirc;s pilares<\/strong><\/span><\/span><\/span><br \/>\nSeguindo os ensinamentos do Papa Jo&atilde;o Paulo II Lan&uacute;sia da Costa Silva<strong>(<span style=\"color: rgb(255, 0, 0);\"><span style=\"font-family: Arial;\">Foto abaixo<\/span><\/span>)<\/strong>, a coordenadora do projeto e os demais volunt&aacute;rios acreditam que somente com a ajuda de Deus &eacute; poss&iacute;vel recuperar, de mudar o homem, da&iacute; a espiritualidade ser o primeiro alicerce do projeto. Em seguida vem a terapia ocupacional. Os jovens cuidam de hortali&ccedil;as, criam porcos, galinhas, trabalham com agricultura, artesanato e at&eacute; na constru&ccedil;&atilde;o e manuten&ccedil;&atilde;o dos ambientes da ch&aacute;cara: alojamentos, capela, refeit&oacute;rio, &aacute;rea de reuni&otilde;es.<\/span><\/span><br \/>\n<span style=\"font-size: small;\"><span style=\"font-family: Verdana;\"> <img decoding=\"async\" width=\"465\" height=\"311\" align=\"absMiddle\" alt=\"\" src=\"\/UserFiles\/Image\/religiosos\/entidades\/lanusia_da_costa_silva_coordenadora_comunidade_jesus_perola_preciosa_465.jpg\" \/><br \/>\n<\/span><\/span><br \/>\n<span style=\"font-size: small;\"><span style=\"font-family: Verdana;\"> O projeto leva em conta as aptid&otilde;es dos jovens e tamb&eacute;m alfabetiza quando &eacute; o caso. O terceiro pilar da entidade &eacute; a boa conviv&ecirc;ncia e todos, volunt&aacute;rios e internos t&ecirc;m convivido em harmonia por isso a miss&atilde;o um dia sonhada por Lan&uacute;sia se tornou refer&ecirc;ncia no sert&atilde;o paraibano e j&aacute; &eacute; procurada por fam&iacute;lias de v&aacute;rios estados.<\/p>\n<p>\n<\/span><\/span><br \/>\n<span style=\"font-size: small;\"><span style=\"font-family: Verdana;\"> <span style=\"color: rgb(0, 0, 255);\"><span style=\"font-size: medium;\"><span style=\"font-family: Arial;\"><strong>Pastoral de rua<\/strong><\/span><\/span><\/span><br \/>\nNa ch&aacute;cara moram cinco volunt&aacute;rios. Lan&uacute;sia revela que o projeto nasceu de uma pastoral de rua, ligada &agrave; igreja cat&oacute;lica na cidade de Sousa. A partir das 22 horas Lan&uacute;sia e alguns volunt&aacute;rios percorriam ruas e pra&ccedil;as da cidade de Sousa conversando, levando apoio a jovens envolvidos com drogas. Com os contatos, parte desses rapazes come&ccedil;ou a procurar apoio na casa de Lan&uacute;sia desejando se libertar das drogas. &ldquo;<em>Eu quero sair das drogas<\/em>&rdquo; muitos expressavam essa vontade, diz a coordenadora do projeto &lsquo;<em>Jesus P&eacute;rola Preciosa<\/em>&rsquo;.<\/p>\n<p><\/span><\/span><span style=\"font-size: small;\"><span style=\"font-family: Verdana;\"><img loading=\"lazy\" decoding=\"async\" width=\"465\" height=\"311\" align=\"absMiddle\" alt=\"\" src=\"\/UserFiles\/Image\/religiosos\/entidades\/comunidade_jesus_perola_preciosa_terraco_da_chacara_465.jpg\" \/><\/span><\/span><br \/>\n<span style=\"font-size: small;\"><span style=\"font-family: Verdana;\"> <br \/>\nA coordenadora e amigos volunt&aacute;rios idealizaram ent&atilde;o um projeto, um  ambiente onde pudessem cuidar, assistir a jovens com depend&ecirc;ncia  qu&iacute;mica. Encontraram ent&atilde;o uma pessoa que acreditou na miss&atilde;o do grupo,  um produtor rural que doou um terreno na zona rural do munic&iacute;pio  Vieir&oacute;polis. Aos poucos foi sendo constru&iacute;da a sede da Comunidade &lsquo;<em>Jesus  P&eacute;rola Preci<\/em><\/span><\/span><span style=\"font-size: small;\"><span style=\"font-family: Verdana;\"><em>osa<\/em>&rsquo;.<\/p>\n<p><\/span><\/span><span style=\"font-size: small;\"><span style=\"font-family: Verdana;\"><img loading=\"lazy\" decoding=\"async\" width=\"465\" height=\"311\" align=\"absMiddle\" alt=\"\" src=\"\/UserFiles\/Image\/religiosos\/entidades\/comunidade_jesus_perola_preciosa_capela_465.jpg\" \/><\/span><\/span><br \/>\n<span style=\"font-size: small;\"><span style=\"font-family: Verdana;\"> <br \/>\nO local tinha apenas pedras e juremas. Em seis anos de funcionamento o  projeto j&aacute; assistiu cerca de 400 rapazes. A comunidade ainda n&atilde;o disp&otilde;e  de um ambiente para atender a jovens do sexo feminino mas est&aacute; nos seus  planos de expans&atilde;o. Lan&uacute;sia revela que a entidade j&aacute; ganhou um terreno  de 38 hectares no munic&iacute;pio de Aparecida, tamb&eacute;m na microrregi&atilde;o  polarizada por Sousa. Quando conseguir apoio financeiro construir&aacute; a  ch&aacute;cara para abrigar e cuidar de mo&ccedil;as com depend&ecirc;ncia qu&iacute;mica. <\/p>\n<p><img loading=\"lazy\" decoding=\"async\" width=\"465\" height=\"311\" align=\"absMiddle\" alt=\"\" src=\"\/UserFiles\/Image\/religiosos\/entidades\/comunidade_jesus_perola_preciosa_bananeiras_465.jpg\" \/><\/p>\n<p>Na ch&aacute;cara em Vieir&oacute;polis os rapazes chegam &agrave; comunidade &lsquo;<em>Jesus P&eacute;rola  Preciosa<\/em>&rsquo; enviados pela Pastoral da Sobriedade, um dos movimentos da  igreja cat&oacute;lica; pelo Conselho Tutelar e alguns s&atilde;o encaminhados pela  Justi&ccedil;a. S&atilde;o jovens paraibanos e de outros estados nordestinos a exemplo  de Bahia, Maranh&atilde;o, C<\/span><\/span><span style=\"font-size: small;\"><span style=\"font-family: Verdana;\">ear&aacute; e Pernambuco.<b><\/p>\n<p>\n<\/b><\/span><\/span><br \/>\n<span style=\"font-size: small;\"><span style=\"font-family: Verdana;\"><b> <\/b><span style=\"color: rgb(0, 0, 255);\"><span style=\"font-size: medium;\"><span style=\"font-family: Arial;\"><b>Conv&ecirc;nio<\/b><\/span><\/span><\/span><br \/>\nO trabalho &eacute;  realizado por volunt&aacute;rios, as fam&iacute;lias dos jovens acolhidos pela equipe  coordenada por Lan&uacute;sia n&atilde;o pagam mensalidade. A entidade vive de  doa&ccedil;&otilde;es. Com o Governo da Para&iacute;ba a &lsquo;<em>Jesus P&eacute;rola Preciosa<\/em>&rsquo; tem um  conv&ecirc;nio firmado atrav&eacute;s do Funcep &ndash; Fundo de Combate e Erradica&ccedil;&atilde;o da  Pobreza no valor anual de R$ 60 mil. O conv&ecirc;nio est&aacute; para ser renovado e  o dinheiro &eacute; repassado pelo estado em duas parcelas de R$ 30 mil.<br \/>\n<\/span><\/span><br \/>\n<span style=\"font-size: small;\"><span style=\"font-family: Verdana;\"><img loading=\"lazy\" decoding=\"async\" width=\"465\" height=\"311\" align=\"absMiddle\" alt=\"\" src=\"\/UserFiles\/Image\/religiosos\/entidades\/comunidade_jesus_perola_preciosa_mandala_465.jpg\" \/><\/span><\/span><br \/>\n<span style=\"font-size: small;\"><span style=\"font-family: Verdana;\"><br \/>\nPara  cuidar da seguran&ccedil;a da fazenda os familiares dos jovens internos  contribuem mensalmente com a doa&ccedil;&atilde;o de apenas R$ 50,00. A soma &eacute;  repassada ao vigia do local.<b><\/p>\n<p>\n<\/b><\/span><\/span><br \/>\n<span style=\"font-size: small;\"><span style=\"font-family: Verdana;\"><b> <span style=\"color: rgb(0, 0, 255);\"><span style=\"font-size: medium;\"><span style=\"font-family: Arial;\">Resultados<\/span><\/span><\/span><br \/>\n<\/b><\/span><\/span><span style=\"font-size: small;\"><span style=\"font-family: Verdana;\"><img loading=\"lazy\" decoding=\"async\" width=\"465\" height=\"311\" align=\"absMiddle\" alt=\"\" src=\"\/UserFiles\/Image\/religiosos\/entidades\/comunidade_jesus_perola_preciosa_biblioteca_465.jpg\" \/><\/span><\/span><br \/>\n<span style=\"font-size: small;\"><span style=\"font-family: Verdana;\"><br \/>\nLan&uacute;sia revela que  &eacute; muito grande a satisfa&ccedil;&atilde;o quando se tem boas not&iacute;cias de pessoas que  passaram pela comunidade &lsquo;<em>Jesus P&eacute;rola Preciosa<\/em>&rsquo;. &ldquo;<\/span><\/span><em><span style=\"font-size: small;\"><span style=\"font-family: Verdana;\">Temos a alegria de  saber not&iacute;cias de jovens que por aqui passaram e que em sua <\/span><\/span><\/em><em><span style=\"font-size: small;\"><span style=\"font-family: Verdana;\">cidade, seu  estado se tornaram volunt&aacute;rios desta causa. <\/span><\/span>U<span style=\"font-size: small;\"><span style=\"font-family: Verdana;\">m  rapaz foi assistido durante oito meses e hoje mora e trabalha em Minas  Gerais. Recentemente ele enviou pelos Correios uma caixa com muitas  roupas. Outros ligam perguntando o que a casa est&aacute; precisando e fazem  doa&ccedil;&otilde;es<\/span><\/span><\/em><span style=\"font-size: small;\"><span style=\"font-family: Verdana;\">&quot;.<b><br \/>\n<\/b><\/span><\/span><\/p>\n<p>\n<span style=\"font-size: small;\"><span style=\"font-family: Verdana;\"><b> <\/b><span style=\"color: rgb(0, 0, 255);\"><span style=\"font-size: medium;\"><span style=\"font-family: Arial;\"><b>Amor ao pr&oacute;ximo<\/b><\/span><\/span><\/span><br \/>\nA entidade &lsquo;<em>Jesus P&eacute;rola Preciosa<\/em>&rsquo; &eacute; uma  comunidade de base porque leva em conta a necessidade b&aacute;sica do ser  humano que &eacute; a qualidade de vida. O lema do projeto &eacute; &lsquo;<em>Acolhe o Teu  Irm&atilde;o<\/em>&rsquo;. &ldquo;<em>A nossa grande preocupa&ccedil;&atilde;o &eacute; fazer o dependente qu&iacute;mico se  sentir gente, acolhido, amado<\/em>&rdquo;, revela Lan&uacute;sia. Alguns jovens chegam &agrave;  ch&aacute;cara desacreditado at&eacute; mesmo pela pr&oacute;pria fam&iacute;lia.<\/p>\n<p><\/span><\/span><span style=\"font-size: small;\"><span style=\"font-family: Verdana;\"><img loading=\"lazy\" decoding=\"async\" width=\"465\" height=\"311\" align=\"absMiddle\" alt=\"\" src=\"\/UserFiles\/Image\/religiosos\/entidades\/comunidade_jesus_perola_preciosa_capela_missa_465.jpg\" \/><\/span><\/span><\/p>\n<p><span style=\"font-size: small;\"><span style=\"font-family: Verdana;\"> &ldquo;<em>A pr&aacute;tica vai nos dizendo que isto <\/em><\/span><\/span><span style=\"font-size: small;\"><span style=\"font-family: Verdana;\"><em>aqui d&aacute; certo, funciona e que no dia-a-dia n&oacute;s vamos aprendendo a lhe dar com o dependente qu&iacute;mico<\/em>&rdquo;, avalia Lan&uacute;sia, a professora da rede p&uacute;blica que abriu m&atilde;o da profiss&atilde;o para cuidar de jovens v&iacute;timas das drogas. O projeto nasceu do movimento existente na igreja cat&oacute;lica denominado renova&ccedil;&atilde;o carism&aacute;tica.<br \/>\n<\/span><\/span><br \/>\n<span style=\"font-size: small;\"><span style=\"font-family: Verdana;\"> <br \/>\n<\/span><\/span><br \/>\n<span style=\"font-size: small;\"><span style=\"font-family: Verdana;\"> <span style=\"color: rgb(0, 0, 255);\"><span style=\"font-size: medium;\"><span style=\"font-family: Arial;\"><strong>Ora&ccedil;&otilde;es<\/strong><\/span><\/span><\/span><br \/>\n<\/span><\/span><span style=\"font-size: small;\"><span style=\"font-family: Verdana;\"><b><img loading=\"lazy\" decoding=\"async\" width=\"465\" height=\"311\" align=\"absMiddle\" alt=\"\" src=\"\/UserFiles\/Image\/religiosos\/entidades\/lanusia_da_costa_silva_coordenadora_comunidade_jesus_perola_preciosa_freiras_mariana_e_kiara_465.jpg\" \/><\/b><\/span><\/span><br \/>\n<span style=\"font-size: small;\"><span style=\"font-family: Verdana;\"><br \/>\nDuas freiras, Mariana e Kiara<strong>(<span style=\"color: rgb(255, 0, 0);\"><span style=\"font-family: Arial;\">Foto acima<\/span><\/span>)<\/strong>, moram na ch&aacute;cara, rezam e dialogam com os jovens, ajudam a fortalecer a espiritualidade do projeto.<\/span><\/span><br \/>\n<span style=\"font-size: small;\"><span style=\"font-family: Verdana;\"><br \/>\n<\/span><\/span><span style=\"font-size: small;\"><span style=\"font-family: Verdana;\"><img loading=\"lazy\" decoding=\"async\" width=\"465\" height=\"311\" align=\"absMiddle\" alt=\"\" src=\"\/UserFiles\/Image\/religiosos\/entidades\/comunidade_jesus_perola_preciosa_sala_de_oracoes_santa_465.jpg\" \/><\/span><\/span><br \/>\n<span style=\"font-size: small;\"><span style=\"font-family: Verdana;\"><br \/>\nAs religiosas vivem enclausuradas, sempre orando para que Deus permita a exist&ecirc;ncia do projeto que contribui com recupera&ccedil;&atilde;o de pessoas v&iacute;timas de drogas, incluindo o &aacute;lcool.<br \/>\n<\/span><\/span><br \/>\n<span style=\"font-size: small;\"><span style=\"font-family: Verdana;\"> <\/p>\n<p><span style=\"color: rgb(0, 0, 255);\"><span style=\"font-size: medium;\"><span style=\"font-family: Arial;\"><strong>Apoio<\/strong><\/span><\/span><\/span><br \/>\nA professora Lan&uacute;sia, que &eacute; natural da cidade de Pombal, convida as pessoas a visitarem a ch&aacute;cara e a contribuir com doa&ccedil;&otilde;es de roupas, agasalhos, mantimentos e at&eacute; dinheiro. O telefone &eacute; (<span style=\"font-family: Arial;\">83<\/span>)3521.2350. Contatos podem ser feitos pelo e-mail lanusiadaperola@hotmail.com.<\/p>\n<p><img loading=\"lazy\" decoding=\"async\" width=\"465\" height=\"311\" align=\"absMiddle\" alt=\"\" src=\"\/UserFiles\/Image\/religiosos\/entidades\/comunidade_jesus_perola_preciosa_recanto_divina_providencia_placa_465.jpg\" \/><\/p>\n<p>A entidade necessita da ajuda da prefeitura de Vieir&oacute;polis atrav&eacute;s do programa P&atilde;o e Leite mas at&eacute; ent&atilde;o n&atilde;o conseguiu essa colabora&ccedil;&atilde;o. De acordo com Lan&uacute;sia a despesa com alimentos &eacute; enorme.<\/p>\n<p>\nOs dependentes qu&iacute;micos nos primeiros tr&ecirc;s meses de acolhimento comem muito, numa quantidade bem superior ao o que um adulto come em condi&ccedil;&otilde;es normais.<\/p>\n<p>\n<\/span><\/span><strong><span style=\"font-size: x-small;\"><span style=\"font-family: Arial;\"><span><span><br \/>\n<\/span><\/span><\/span><\/span><span style=\"font-size: x-small;\"><span style=\"font-family: Arial;\"><span style=\"color: rgb(255, 0, 0);\"><em>* Com fotos e texto de joseliocarneiro.blogspot.com.<\/em><\/span><\/span><\/span><\/strong><\/p>\n","protected":false},"excerpt":{"rendered":"<p>Comunidade Jesus Perola Preciosa<\/p>\n","protected":false},"author":1,"featured_media":0,"comment_status":"open","ping_status":"","sticky":false,"template":"","format":"standard","meta":[],"categories":[21],"tags":[],"amp_enabled":true,"_links":{"self":[{"href":"https:\/\/obeabadosertao.com.br\/portal\/wp-json\/wp\/v2\/posts\/5705"}],"collection":[{"href":"https:\/\/obeabadosertao.com.br\/portal\/wp-json\/wp\/v2\/posts"}],"about":[{"href":"https:\/\/obeabadosertao.com.br\/portal\/wp-json\/wp\/v2\/types\/post"}],"author":[{"embeddable":true,"href":"https:\/\/obeabadosertao.com.br\/portal\/wp-json\/wp\/v2\/users\/1"}],"replies":[{"embeddable":true,"href":"https:\/\/obeabadosertao.com.br\/portal\/wp-json\/wp\/v2\/comments?post=5705"}],"version-history":[{"count":0,"href":"https:\/\/obeabadosertao.com.br\/portal\/wp-json\/wp\/v2\/posts\/5705\/revisions"}],"wp:attachment":[{"href":"https:\/\/obeabadosertao.com.br\/portal\/wp-json\/wp\/v2\/media?parent=5705"}],"wp:term":[{"taxonomy":"category","embeddable":true,"href":"https:\/\/obeabadosertao.com.br\/portal\/wp-json\/wp\/v2\/categories?post=5705"},{"taxonomy":"post_tag","embeddable":true,"href":"https:\/\/obeabadosertao.com.br\/portal\/wp-json\/wp\/v2\/tags?post=5705"}],"curies":[{"name":"wp","href":"https:\/\/api.w.org\/{rel}","templated":true}]}}