{"id":5707,"date":"2011-11-16T00:00:00","date_gmt":"2011-11-16T00:00:00","guid":{"rendered":""},"modified":"2011-11-16T00:00:00","modified_gmt":"2011-11-16T00:00:00","slug":"Camara-de-Conceicao-debatera-divida-dos-agricultores-com-o-BNB","status":"publish","type":"post","link":"https:\/\/obeabadosertao.com.br\/portal\/2011\/11\/16\/Camara-de-Conceicao-debatera-divida-dos-agricultores-com-o-BNB\/","title":{"rendered":"C\u00e2mara de Concei\u00e7\u00e3o debater\u00e1 d\u00edvida dos agricultores com o BNB"},"content":{"rendered":"<div id=\"tt-temp-estim\">Tempo de leitura: 1 minuto<\/div><p style=\"text-align: justify;\"><span style=\"font-size: small;\"><span style=\"font-family: Verdana;\"><br \/>\n<strong>Concei&ccedil;&atilde;o (PB) &#8211;<\/strong> Uma audi&ecirc;ncia p&uacute;blica para tratar da problem&aacute;tica da d&iacute;vida dos agricultores da regi&atilde;o do Vale do Pianc&oacute; com o Banco do Nordeste ser&aacute; realizada na C&acirc;mara Municipal de Concei&ccedil;&atilde;o pra debater sobre as d&iacute;vidas dos agricultores da regi&atilde;o com o BNB. O&nbsp;encontro est&aacute; marcado para acontecer as 09h00m da pr&oacute;xima segunda-feira(<span style=\"font-family: Arial;\">21Novembro2011<\/span>).<\/p>\n<p>\n<\/span><\/span><span style=\"font-size: small;\"><span style=\"font-family: Verdana;\">Na oportunidade ser&atilde;o discutidos os caminhos e as medidas a serem tomadas, principalmente, sobre o ac&uacute;mulo de processos judiciais em execu&ccedil;&atilde;o dos propriet&aacute;rios rurais, bem como, uma coleta de assinatura e a aprova&ccedil;&atilde;o de um documento para ser encaminhado aos nossos congressistas e a Presid&ecirc;nia da Rep&uacute;blica.<\/p>\n<p>\nV&aacute;rias autoridades e lideran&ccedil;as da sociedade civil j&aacute; confirmaram presen&ccedil;a.<br \/>\n<\/span><\/span><\/p>\n","protected":false},"excerpt":{"rendered":"<p>Tempo de leitura: 1 minuto Concei&ccedil;&atilde;o (PB) &#8211; Uma audi&ecirc;ncia p&uacute;blica para tratar da problem&aacute;tica da d&iacute;vida dos agricultores da [&hellip;]<\/p>\n","protected":false},"author":1,"featured_media":0,"comment_status":"open","ping_status":"","sticky":false,"template":"","format":"standard","meta":[],"categories":[21],"tags":[],"amp_enabled":true,"_links":{"self":[{"href":"https:\/\/obeabadosertao.com.br\/portal\/wp-json\/wp\/v2\/posts\/5707"}],"collection":[{"href":"https:\/\/obeabadosertao.com.br\/portal\/wp-json\/wp\/v2\/posts"}],"about":[{"href":"https:\/\/obeabadosertao.com.br\/portal\/wp-json\/wp\/v2\/types\/post"}],"author":[{"embeddable":true,"href":"https:\/\/obeabadosertao.com.br\/portal\/wp-json\/wp\/v2\/users\/1"}],"replies":[{"embeddable":true,"href":"https:\/\/obeabadosertao.com.br\/portal\/wp-json\/wp\/v2\/comments?post=5707"}],"version-history":[{"count":0,"href":"https:\/\/obeabadosertao.com.br\/portal\/wp-json\/wp\/v2\/posts\/5707\/revisions"}],"wp:attachment":[{"href":"https:\/\/obeabadosertao.com.br\/portal\/wp-json\/wp\/v2\/media?parent=5707"}],"wp:term":[{"taxonomy":"category","embeddable":true,"href":"https:\/\/obeabadosertao.com.br\/portal\/wp-json\/wp\/v2\/categories?post=5707"},{"taxonomy":"post_tag","embeddable":true,"href":"https:\/\/obeabadosertao.com.br\/portal\/wp-json\/wp\/v2\/tags?post=5707"}],"curies":[{"name":"wp","href":"https:\/\/api.w.org\/{rel}","templated":true}]}}