{"id":5806,"date":"2011-12-01T00:00:00","date_gmt":"2011-12-01T00:00:00","guid":{"rendered":""},"modified":"2011-12-01T00:00:00","modified_gmt":"2011-12-01T00:00:00","slug":"Aguiar-vai-comemorar-50-anos-de-emancipacao-politica","status":"publish","type":"post","link":"https:\/\/obeabadosertao.com.br\/portal\/2011\/12\/01\/Aguiar-vai-comemorar-50-anos-de-emancipacao-politica\/","title":{"rendered":"Aguiar vai comemorar 50 anos de emancipa\u00e7\u00e3o pol\u00edtica"},"content":{"rendered":"<div id=\"tt-temp-estim\">Tempo de leitura: 4 minutos<\/div><p style=\"text-align: justify;\"><span style=\"color: rgb(255, 0, 0);\"><em><span style=\"font-family: Arial;\"><strong><span style=\"font-size: small;\"><br \/>\nBanda Magn&iacute;ficos e mais seis dias de festa, hist&oacute;ria e cultura nos 50 anos de Aguiar. Evento comemorativo come&ccedil;a no dia 17 e vai at&eacute; o dia 22 de dezembro, data do anivers&aacute;rio.<\/span><\/strong><\/span><\/em><\/span><span style=\"font-size: small;\"><span style=\"font-family: Verdana;\"><\/p>\n<p>\n<strong>Aguiar(PB) &#8211;<\/strong> As bandas Zunzueira e Magn&iacute;ficos far&atilde;o uma festa inesquec&iacute;vel no centro de Aguiar na noite do dia 22 de dezembro, no encerramento das comemora&ccedil;&otilde;es pelos Agui do munic&iacute;pio, e devem atrair milhares de pessoas de todo o Vale.<\/span><\/span><\/p>\n<p>\n<span style=\"font-size: small;\"><span style=\"font-family: Verdana;\">Mas esse &eacute; apenas um dos v&aacute;rios momentos marcantes que viver&aacute; a cidade no evento alusivo ao seu anivers&aacute;rio de 50 anos, que come&ccedil;a no dia 17, estende-se por quase uma semana e ser&aacute; marcado por muitas atra&ccedil;&otilde;es: a hist&oacute;ria e a cultura do povo aguiaense; eventos esportivos e inaugura&ccedil;&otilde;es s&atilde;o apenas algumas delas.<\/p>\n<p><span style=\"color: rgb(0, 0, 255);\"><span style=\"font-size: medium;\"><span style=\"font-family: Arial;\"><strong><br \/>\nPrograma&ccedil;&atilde;o<\/strong><\/span><\/span><\/span><br \/>\nNo s&aacute;bado(<span style=\"font-family: Arial;\">17Dezembro2011<\/span>), uma alvorada festiva, &agrave;s 05h0m, abrir&aacute; a programa&ccedil;&atilde;o. Em seguida, caminhada dos idosos(<span style=\"font-family: Arial;\">06h00m<\/span>); caf&eacute; comunit&aacute;rio na Pra&ccedil;a Miguel Iz&iacute;dio(<span style=\"font-family: Arial;\">07h00m<\/span>); Sa&uacute;de na Pra&ccedil;a(<span style=\"font-family: Arial;\">das 09h00m &agrave;s 12h00m<\/span>), com aferi&ccedil;&atilde;o de press&atilde;o arterial, teste de glicemia capilar, entrega de kits de sa&uacute;de bucal e doa&ccedil;&atilde;o de sangue; visita aos laborat&oacute;rios de inform&aacute;tica nas zonas rural e urbana pelo prefeito e sua equipe de trabalho; barracas com lembrancinhas da cidade(<span style=\"font-family: Arial;\">14h00m<\/span>); presen&ccedil;a do Samu(<span style=\"font-family: Arial;\">16h00m<\/span>); e show religioso cat&oacute;lico(<span style=\"font-family: Arial;\">20h00m<\/span>).<\/span><\/span><\/p>\n<p>\n<span style=\"font-size: small;\"><span style=\"font-family: Verdana;\">No domingo(<span style=\"font-family: Arial;\">18Dezembro2011<\/span>), haver&aacute; maratona(<span style=\"font-family: Arial;\">06h00m<\/span>); futebol de campo, com a partida entre Veteranos de Aguiar e Veteranos do Vale(<span style=\"font-family: Arial;\">das 08h00m &agrave;s 10h00m<\/span>); futsal mirim(<span style=\"font-family: Arial;\">das 09h00m &agrave;s 10h00m<\/span>); futsal feminino(<span style=\"font-family: Arial;\">das 10h00m &agrave;s 12h00m<\/span>), com a partida entre Veteranas e Convidadas e Campe&atilde;es do Jevaps 2008 contra Campe&atilde;es de 2011.<\/span><\/span><\/p>\n<p>\n<span style=\"font-size: small;\"><span style=\"font-family: Verdana;\">O futsal masculino ser&aacute; atra&ccedil;&atilde;o &agrave; tarde com o jogo entre Paulistas e Sele&ccedil;&atilde;o Aguiaense(<span style=\"font-family: Arial;\">das 13h00m &agrave;s 14h00m<\/span>); Campe&otilde;es do Jevaps 2009 contra Campe&otilde;es 2011(<span style=\"font-family: Arial;\">das 14h00m &agrave;s 15h00m<\/span>); e torneio quadrangular(<span style=\"font-family: Arial;\">das 15h00m &agrave;s 19h00m<\/span>).<\/span><\/span><\/p>\n<p>\n<span style=\"font-size: small;\"><span style=\"font-family: Verdana;\">&Agrave; noite, haver&aacute; participa&ccedil;&atilde;o das igrejas evang&eacute;licas na Pra&ccedil;a Miguel Iz&iacute;dio(<span style=\"font-family: Arial;\">das 19h00m &agrave;s 22h00m<\/span>); e show evang&eacute;lico(<span style=\"font-family: Arial;\">22h00m<\/span>).<\/span><\/span><\/p>\n<p>\n<span style=\"font-size: small;\"><span style=\"font-family: Verdana;\">Na segunda-feira(<span style=\"font-family: Arial;\">19Novembro2011<\/span>): alvorada(<span style=\"font-family: Arial;\">06h00m<\/span>); abertura do museu de Aguiar &#8211; Casa da Cultura(<span style=\"font-family: Arial;\">09h00m<\/span>); exposi&ccedil;&atilde;o de banner das fam&iacute;lias(<span style=\"font-family: Arial;\">10h00m<\/span>); lan&ccedil;amento do livro Hist&oacute;ria de Aguiar(<span style=\"font-family: Arial;\">19h00m<\/span>); e seresta dan&ccedil;ante(<span style=\"font-family: Arial;\">10h00m<\/span>).<\/span><\/span><\/p>\n<p>\n<span style=\"font-size: small;\"><span style=\"font-family: Verdana;\">Na ter&ccedil;a-feira(<span style=\"font-family: Arial;\">20Dezembro2011<\/span>), acontecer&aacute; alvorada(<span style=\"font-family: Arial;\">05h00m<\/span>); caf&eacute; da manh&atilde;(<span style=\"font-family: Arial;\">06h00m<\/span>); visita ao local de recebimento de leite\/tanque de leite(<span style=\"font-family: Arial;\">07h00m<\/span>); visita &agrave;s fazendas eficientes nas comunidades Lagamar e Lagoa(<span style=\"font-family: Arial;\">08h00m<\/span>); e visitas a hortas comunit&aacute;rias(<span style=\"font-family: Arial;\">09h30m<\/span>).<\/span><\/span><\/p>\n<p>\n<span style=\"font-size: small;\"><span style=\"font-family: Verdana;\">Ainda na ter&ccedil;a, haver&aacute; barracas com produtos agr&iacute;colas e comidas t&iacute;picas, apresenta&ccedil;&atilde;o de v&iacute;deos, fotografias e pain&eacute;is, palestras proferidas por representantes de diversos &oacute;rg&atilde;os estaduais, apresenta&ccedil;&atilde;o de dan&ccedil;as e seresta.<\/span><\/span><\/p>\n<p>\n<span style=\"font-size: small;\"><span style=\"font-family: Verdana;\">Na quarta-feira(<span style=\"font-family: Arial;\">21Novembro2011<\/span>), a programa&ccedil;&atilde;o come&ccedil;a &agrave;s 08h00m, com desfile das escolas da rede municipal de ensino e hasteamento da bandeira na Pra&ccedil;a Miguel Iz&iacute;dio. Tamb&eacute;m na pra&ccedil;a haver&aacute; mural com exposi&ccedil;&atilde;o de fotos dos eventos realizados nas escolas municipais e estaduais de Aguiar(<span style=\"font-family: Arial;\">15h00m<\/span>); &agrave;s 16h00m, haver&aacute; abertura da feira cultural, com exposi&ccedil;&atilde;o de artesanato, literatura de cordel, cultura folcl&oacute;rica local, artes cr&ocirc;nicas e visuais, e participa&ccedil;&atilde;o do cordelista Manoel Beliz&aacute;rio.<\/span><\/span><\/p>\n<p>\n<span style=\"font-size: small;\"><span style=\"font-family: Verdana;\">Ainda na quarta, ser&aacute; realizada a premia&ccedil;&atilde;o dos vencedores do concurso de Reda&ccedil;&atilde;o dos alunos da escola L&iacute;dia Cabral(<span style=\"font-family: Arial;\">18h00m<\/span>); discurso de um dos vencedores do concurso de Reda&ccedil;&atilde;o sobre a import&acirc;ncia do certame(<span style=\"font-family: Arial;\">18h30m<\/span>); dan&ccedil;as folcl&oacute;ricas representando a cultura regional(<span style=\"font-family: Arial;\">19h00m<\/span>); explana&ccedil;&atilde;o sobre educa&ccedil;&atilde;o com a professora Alja(<span style=\"font-family: Arial;\">19h30m<\/span>); e festa dan&ccedil;ante animada por artista da terra, com participa&ccedil;&atilde;o dos filhos ausentes.<\/span><\/span><\/p>\n<p>\n<span style=\"font-size: small;\"><span style=\"font-family: Verdana;\">Na quinta-feira(<span style=\"font-family: Arial;\">22Dezembro2011<\/span>), o encerramento da festa tamb&eacute;m est&aacute; recheado de atra&ccedil;&otilde;es. &Agrave;s 06h00m, alvorada e queima de fogos; solenidade de lan&ccedil;amento do Selo Comemorativo(<span style=\"font-family: Arial;\">10h00m<\/span>); inaugura&ccedil;&atilde;o de obras realizadas este ano pela Prefeitura(<span style=\"font-family: Arial;\">11h00m<\/span>); missa solene em A&ccedil;&atilde;o de Gra&ccedil;as pelos 50 anos de emancipa&ccedil;&atilde;o pol&iacute;tica de Aguiar(<span style=\"font-family: Arial;\">16h00m<\/span>); e corte do bolo(<span style=\"font-family: Arial;\">17h00m<\/span>). &Agrave; noite, a festa dan&ccedil;ante no centro da cidade a partir das 10h00m, quando se apresentar&atilde;o as bandas Zunzueira e Magn&iacute;ficos.<\/span><\/span><\/p>\n<p><span style=\"color: rgb(0, 0, 255);\"><span style=\"font-size: small;\"><span style=\"font-family: Arial;\"><strong><em>* Por Sousa Neto\/Folha do Vale &#8211; www.folhadovali.com.br .<\/em><\/strong><\/span><\/span><\/span><\/p>\n","protected":false},"excerpt":{"rendered":"<p>Tempo de leitura: 4 minutos Banda Magn&iacute;ficos e mais seis dias de festa, hist&oacute;ria e cultura nos 50 anos de [&hellip;]<\/p>\n","protected":false},"author":1,"featured_media":0,"comment_status":"open","ping_status":"","sticky":false,"template":"","format":"standard","meta":[],"categories":[21],"tags":[],"amp_enabled":true,"_links":{"self":[{"href":"https:\/\/obeabadosertao.com.br\/portal\/wp-json\/wp\/v2\/posts\/5806"}],"collection":[{"href":"https:\/\/obeabadosertao.com.br\/portal\/wp-json\/wp\/v2\/posts"}],"about":[{"href":"https:\/\/obeabadosertao.com.br\/portal\/wp-json\/wp\/v2\/types\/post"}],"author":[{"embeddable":true,"href":"https:\/\/obeabadosertao.com.br\/portal\/wp-json\/wp\/v2\/users\/1"}],"replies":[{"embeddable":true,"href":"https:\/\/obeabadosertao.com.br\/portal\/wp-json\/wp\/v2\/comments?post=5806"}],"version-history":[{"count":0,"href":"https:\/\/obeabadosertao.com.br\/portal\/wp-json\/wp\/v2\/posts\/5806\/revisions"}],"wp:attachment":[{"href":"https:\/\/obeabadosertao.com.br\/portal\/wp-json\/wp\/v2\/media?parent=5806"}],"wp:term":[{"taxonomy":"category","embeddable":true,"href":"https:\/\/obeabadosertao.com.br\/portal\/wp-json\/wp\/v2\/categories?post=5806"},{"taxonomy":"post_tag","embeddable":true,"href":"https:\/\/obeabadosertao.com.br\/portal\/wp-json\/wp\/v2\/tags?post=5806"}],"curies":[{"name":"wp","href":"https:\/\/api.w.org\/{rel}","templated":true}]}}