{"id":600,"date":"2005-08-10T00:00:00","date_gmt":"2005-08-10T03:00:00","guid":{"rendered":""},"modified":"2024-04-08T17:30:49","modified_gmt":"2024-04-08T20:30:49","slug":"eafs-comemora-jubileu-de-ouro","status":"publish","type":"post","link":"https:\/\/obeabadosertao.com.br\/portal\/2005\/08\/10\/eafs-comemora-jubileu-de-ouro\/","title":{"rendered":"EAFS comemora Jubileu de Ouro"},"content":{"rendered":"<div id=\"tt-temp-estim\">Tempo de leitura: 7 minutos<\/div><p><span style=\"color: #ff0000;\"><strong>Da reda\u00e7\u00e3o de <em>O B\u00ea-a-b\u00e1 do Sert\u00e3o<\/em><\/strong><\/span><\/p>\n<h3><span style=\"color: #000080;\"><em><strong>Fundada em agosto de 1955, a institui\u00e7\u00e3o \u00e9 hoje uma refer\u00eancia regional em ensino, pesquisa e extens\u00e3o.<\/strong><\/em><\/span><\/h3>\n<p>&nbsp;<\/p>\n<p><strong>Sousa(PB)<\/strong> &#8211; A Escola Agrot\u00e9cnica Federal de Sousa comemorou na noite do \u00faltimo dia 09 de agosto do corrente ano, 50 anos de servi\u00e7os prestados no setor de educa\u00e7\u00e3o. Na data uma vasta programa\u00e7\u00e3o foi cumprida por toda a comunidade daquela importante institui\u00e7\u00e3o federal de educa\u00e7\u00e3o, envolvendo professores, alunos, funcion\u00e1rios, autoridades de diversas institui\u00e7\u00f5es e da sociedade civil organizada.<\/p>\n<p>Na noite da ter\u00e7a-feira(09agosto2005), o Professor Francisco Tomaz de Oliveira, Diretor Geral da Escola Agrot\u00e9cnica Federal de Sousa, presidiu a programa\u00e7\u00e3o noturna realizada na sede administrativa da Escola, localizada as margens da BR-230 em Sousa (PB), quando foram prestadas v\u00e1rias homenagens a entidades e pessoas que de alguma forma contribuiram e contribuem para o sucesso da Escola, considerada como um verdadeiro celeiro educacional formador de profissionais, muitos oriundos de diversas regi\u00f5es do Brasil.<\/p>\n<h2><span style=\"color: #000080;\"><strong>Uma trajet\u00f3ria de sucesso<\/strong><\/span><\/h2>\n<p>Em 04 de julho do ano de 1955, atrav\u00e9s da portaria n\u00ba 552 publicada no D.O.U de 12 de julho, era criado o Col\u00e9gio de Economia Dom\u00e9stica Rural de Sousa. Esta conquista, a cidade de Sousa deve ao seu ilustre filho, Dr. Carlos Pires de S\u00e1.<\/p>\n<p>Instalado, inicialmente, no Centro de Forma\u00e7\u00e3o e Treinamento de Professores ofertava os cursos de \u201c<em>Magist\u00e9rio e Extens\u00e3o em Economia Rural Dom\u00e9stica<\/em>\u201d cujo objetivo era preparar professores rurais.<\/p>\n<p>A inaugura\u00e7\u00e3o destes cursos aconteceu em 09 de Agosto de 1955, em solenidade que contou com a presen\u00e7a das autoridades locais, da Dona Aracy Bezerra Duarte, representando a superintend\u00eancia do ensino agr\u00edcola e veterin\u00e1rio, \u00f3rg\u00e3o do Minist\u00e9rio da Agricultura, e Albani Barros de Aguiar, primeira diretora, que ficou no cargo at\u00e9 1957.<\/p>\n<p>De 1958 a 1963, a Escola Dom\u00e9stica foi administrada pela sousense, professora Benigna de Ara\u00fajo Pires.<\/p>\n<p>O Dr. Tomaz Pires dos Santos, terceiro diretor, ocupou o cargo de 1963 a 1966.<\/p>\n<p>De 09 de Agosto de 1955 a 01 de Novembro de 1964, os cursos de Magist\u00e9rio e Extens\u00e3o em Economia Rural Dom\u00e9stica funcionaram no Centro de Forma\u00e7\u00e3o e Treinamento de Professores, atrav\u00e9s de conv\u00eanio celebrado entre a Prefeitura de Sousa e o Governo do Estado.<\/p>\n<p>A n\u00e3o renova\u00e7\u00e3o do conv\u00eanio entre a prefeitura e o governo do estado levou a Escola a enfrentar grandes dificuldades. Sem uma sede, passou a funcionar em salas cedidas pelo col\u00e9gio Comercial, esteve na rua C\u00f4nego Jos\u00e9 Viana, pr\u00e9dio onde funciona a delegacia de pol\u00edcia, sendo depois transferida para casas residenciais do Dr. Jo\u00e3o Rom\u00e3o Dantas, na rua Bas\u00edlio silva, local onde se instalou at\u00e9 conseguir a sede pr\u00f3pria.<\/p>\n<p>O Dr. Jo\u00e3o Rom\u00e3o Dantas foi o seu quarto diretor e exerceu a fun\u00e7\u00e3o de 1966 a 1980. Escolheu como meta principal conseguir um terreno para instalar definitivamente a escola Dom\u00e9stica de Sousa.<\/p>\n<p>Esse intento foi poss\u00edvel em 1969, quando o ilustre sousense, Dr. Jos\u00e9 Antonio Sarmento J\u00fanior, conhecido por Dr. Zez\u00e9, fez a cess\u00e3o de uma \u00e1rea de 16.740 m2 no bairro Jardim Sorril\u00e2ndia. Esta a\u00e7\u00e3o do Dr. Zez\u00e9 encerrou as amea\u00e7as de fechamento deste patrim\u00f4nio cultural de nossa cidade.<\/p>\n<p>Em 1970, o Col\u00e9gio mudou-se definitivamente para sua sede pr\u00f3pria.<\/p>\n<p>Em 1971, com a aprova\u00e7\u00e3o da nova LDB, Lei 5692\/71, que deu grande \u00eanfase \u00e0 profissionaliza\u00e7\u00e3o dentro do 2\u00ba grau, uma nova habilita\u00e7\u00e3o \u00e9 implantada a de \u201c <em>T\u00e9cnico em Economia Dom\u00e9stica<\/em>\u201d.<\/p>\n<p>Em 1975, o governo federal cria a Coordena\u00e7\u00e3o Nacional do Ensino Agropecu\u00e1rio &#8211; COAGRI, com o objetivo de prestar assist\u00eancia t\u00e9cnica e financeira aos estabelecimentos especializados no ensino agr\u00edcola.<\/p>\n<p>Particularmente, o Col\u00e9gio de Economia Dom\u00e9stica Rural de Sousa sofre grandes transforma\u00e7\u00f5es.<\/p>\n<p>No dia 04\/09\/1979, atrav\u00e9s do Dec. 83.935, era criada a Escola Agrot\u00e9cnica Federal de Sousa.<\/p>\n<p>Em 1980, assume a Dire\u00e7\u00e3o da Agrot\u00e9cnica a professora Rosena Alves Pires. A sua administra\u00e7\u00e3o vai at\u00e9 o ano de 1984. Neste per\u00edodo, em 1984, a Escola implanta a habilita\u00e7\u00e3o e T\u00e9cnico em Agricultura, conforme portaria n\u00ba 46 de 24\/11\/1981, sendo substitu\u00eddo por T\u00e9cnico em Agropecu\u00e1ria, no ano de 1985,\u00a0 no per\u00edodo administrativo do professor Eliel Nunes Rodrigues que vai at\u00e9 1990.<\/p>\n<p>A implanta\u00e7\u00e3o dessas novas habilita\u00e7\u00f5es exigiu da Escola um novo terreno, e este foi conseguido junto ao DNOCS, atrav\u00e9s de comodato. De in\u00edcio, uma pequena \u00e1rea localizada pr\u00f3ximo ao conjunto mutir\u00e3o, e posteriormente, em 1986, uma outra de 128 ha, vizinho ao acampamento federal de S\u00e3o Gon\u00e7alo, onde estamos atualmente.<\/p>\n<p>De 1990 a 1994, dirigiu a institui\u00e7\u00e3o o professor Paulo C\u00e9sar Dantas de Abrantes. Nesta \u00e9poca, a escola implanta o sistema de internato, o que facilitou a vida dos estudantes oriundos de cidades distantes de Sousa.<\/p>\n<p>Em 1997, na administra\u00e7\u00e3o do professor Francisco Cicupira de Andrade Filho(1994\u00a0 a\u00a0 2002), o MEC amparado pela lei 9394\/96 promove uma ampla reforma na educa\u00e7\u00e3o profissional brasileira. A EAFS, antenada \u00e0s mudan\u00e7as que ocorriam, extingue os Cursos T\u00e9cnicos em Economia Dom\u00e9stica e T\u00e9cnico em Agropecu\u00e1ria e cria as habilita\u00e7\u00f5es de T\u00e9cnico em Agricultura, T\u00e9cnico em Zootecnia, T\u00e9cnico em Agroind\u00fastria, al\u00e9m do ensino m\u00e9dio concomitante.<\/p>\n<p>Portanto, h\u00e1 cinq\u00fcenta anos, a EAFS contribui ativamente com o crescimento de Sousa e da regi\u00e3o, qualificando e habilitando centenas de pessoas para o mundo do trabalho, prestando servi\u00e7os indispens\u00e1veis ao fortalecimento da agropecu\u00e1ria regional.<\/p>\n<p>A Agrot\u00e9cnica de hoje funciona em dois locais. O Campus I, localizado no bairro Jardim Sorril\u00e2ndia, ocupa uma \u00e1rea de 16.740 m2 e abriga, atualmente, o internato feminino e o setor administrativo.<\/p>\n<p>O campus II, localizado no per\u00edmetro irrigado de S\u00e3o Gon\u00e7alo, possui uma \u00e1rea de 128 ha e, nele, s\u00e3o desenvolvidas as atividades de ensino e produ\u00e7\u00e3o da institui\u00e7\u00e3o.<\/p>\n<p>Com um quadro de 110 servidores, divididos em 33 professores e 77 t\u00e9cnicos administrativos, a EAFS oferece tr\u00eas cursos profissionalizantes: T\u00e9cnico em Agricultura, T\u00e9cnico em Agroind\u00fastria, T\u00e9cnico em Zootecnia e Ensino M\u00e9dio concomitante.<\/p>\n<p>Dotada de uma not\u00e1vel infra-estrutura, a EAFS disp\u00f5e de 14 salas de aula, laborat\u00f3rio de an\u00e1lise de solo e \u00e1gua, laborat\u00f3rio de piscicultura, 11 unidades educativas de produ\u00e7\u00e3o, laborat\u00f3rio de inform\u00e1tica, centro art\u00edstico e cultural, ag\u00eancia articuladora, biblioteca, setor pedag\u00f3gico, setor de mecanografia, cooperativa escola, consult\u00f3rio m\u00e9dico e odontol\u00f3gico, lavanderia, panificadora, setor de psicologia e de orienta\u00e7\u00e3o educacional, alojamento com capacidade para 150 alunos, uma mandala, f\u00e1brica de ra\u00e7\u00e3o, restaurante, oficina mec\u00e2nica e semi-internato feminino.<\/p>\n<p>Contando com um quadro de servidores capacitados e integrada com a comunidade atrav\u00e9s de uma rede de parceiros, a EAFS busca promover o ensino profissionalizante de qualidade, com o objetivo de preparar o homem para o pleno exerc\u00edcio da cidadania, al\u00e9m de um profissional competente e capacitado para atuar no mercado de trabalho.<\/p>\n<p>Al\u00e9m das suas atividades de ensino, a Escola desenvolve a\u00e7\u00f5es no campo esportivo, art\u00edstico e cultural com destaque para a Banda Marcial &#8220;<em>Eliel Nunes Rodrigues<\/em>&#8220;, que, agora em 2005, completa vinte anos de atua\u00e7\u00e3o ininterrupta na regi\u00e3o.<\/p>\n<p>Numa conjuga\u00e7\u00e3o de esfor\u00e7os de todos os segmentos que a comp\u00f5em, em sintonia com a comunidade, a Agrot\u00e9cnica ensaia v\u00f4o mais alto, preparando-se para o ingresso no rol das institui\u00e7\u00f5es ofertantes de cursos tecnol\u00f3gicos de gradua\u00e7\u00e3o.<\/p>\n<p>Desde 2002, a EAFS \u00e9 administrada pelo Prof. Francisco Tomaz de Oliveira que tem prestado relevantes servi\u00e7os \u00e0 institui\u00e7\u00e3o. Dentre suas a\u00e7\u00f5es, podemos ressaltar a consecu\u00e7\u00e3o do Programa de Expans\u00e3o do Ensino Profissional(PROEP), Protocolo de inten\u00e7\u00f5es com prefeituras adjacentes, amplia\u00e7\u00e3o da rede de parcerias, continuidade do Programa de Capacita\u00e7\u00e3o de T\u00e9cnicos e Docentes, aprova\u00e7\u00e3o de projetos junto \u00e0 SETEC, otimizando as instala\u00e7\u00f5es dos laborat\u00f3rios, melhoria da infra-estrutura, aquisi\u00e7\u00e3o de transportes, conv\u00eanios com \u00f3rg\u00e3os do Governo Federal como o INCRA\/PRONERA.<\/p>\n<p>Naquele distante ano de 1955, a cidade de Sousa n\u00e3o ganhava apenas mais uma Escola, tinha in\u00edcio ali a caminhada de uma institui\u00e7\u00e3o que s\u00f3 traria para Sousa e regi\u00e3o vantagens educacionais, culturais, sociais, desportivas e cient\u00edficas.<\/p>\n<h2><span style=\"color: #ff0000;\"><strong>GALERIAS<\/strong><\/span><\/h2>\n<p><span style=\"color: #000080;\"><a style=\"color: #000080;\" href=\"https:\/\/obeabadosertao.com.br\/galeria\/sousa\/index.php?gallery=50anos_agrotecnica_sede09ago2005\"><span style=\"color: #ff0000;\"><strong>Galeria 1:<\/strong><\/span> <strong>Clique aqui<\/strong> e confira as imagens da solenidade comemorativa e da inaugura\u00e7\u00e3o do busto em homenagem ao Professor Jo\u00e3o Rom\u00e3o Dantas, com a presen\u00e7a do Diretor da EAFS Prof. Francisco Tom\u00e1z de Oliveira, com imagens de v\u00e1rios ambientes da sede administrativa da Escola Agrot\u00e9cnica Federal de Sousa, da Banda Marcial &#8220;<em>Eliel Nunes Rodrigues<\/em>&#8220;, do descerramento do busto do Professor &#8220;<em>Jo\u00e3o Rom\u00e3o Dantas<\/em>&#8221; e da entrega de comendas a v\u00e1rias personalidades.<\/a><\/span><\/p>\n<p><span style=\"color: #000080;\"><a style=\"color: #000080;\" href=\"https:\/\/obeabadosertao.com.br\/galeria\/sousa\/index.php?gallery=50anos_esc_agrotec_sg_ssa10ago2005\"><span style=\"color: #ff0000;\"><strong>Galeria 2:<\/strong><\/span> <strong>Clique aqui<\/strong> e confira imagens de toda estrutura f\u00edsica do campus da Escola Agrot\u00e9cinica Federal de Sousa, localizado no acampamento federal do distrito de S\u00e3o Gon\u00e7alo, seus efic\u00edcios, salas de aula, blocos de alojamentos, projetos e esta\u00e7\u00e3o experimental dos mais diversos segmentos do setor agr\u00edcola.<\/a><\/span><\/p>\n<p><span style=\"color: #000080;\"><a style=\"color: #000080;\" href=\"https:\/\/obeabadosertao.com.br\/galeria\/sousa\/index.php?gallery=50anos_agrotecnica_camara10ago2005\"><span style=\"color: #ff0000;\"><strong>Galeria 3:<\/strong><\/span> <strong>Clique aqui<\/strong> e confira as imagens da sess\u00e3o especial realizada na C\u00e2mara Municipal de Sousa, que homenageou a importante data dos 50 anos da EAFS.<\/a><\/span><\/p>\n<p>&nbsp;<\/p>\n<p>&nbsp;<\/p>\n<p>&nbsp;<\/p>\n<p>.<\/p>\n","protected":false},"excerpt":{"rendered":"<p>Escola \u00e9 respons\u00e1vel pela capacita\u00e7\u00e3o no setor de agropecuaria<\/p>\n","protected":false},"author":1,"featured_media":19585,"comment_status":"open","ping_status":"closed","sticky":false,"template":"","format":"standard","meta":[],"categories":[4,36,6],"tags":[21991,22006,22004,21988,22007,22026,22009,22016,22002,22015,22023,22025,22022,22021,22024,22000,22011,22013,22008,22014,21993,22018,6737,22001,21987,22012,21990,22020,3383,21999,22003,1515,22019,22010,21996,21994,21989,21998,21995,22017,21992,21997,22005],"amp_enabled":true,"_links":{"self":[{"href":"https:\/\/obeabadosertao.com.br\/portal\/wp-json\/wp\/v2\/posts\/600"}],"collection":[{"href":"https:\/\/obeabadosertao.com.br\/portal\/wp-json\/wp\/v2\/posts"}],"about":[{"href":"https:\/\/obeabadosertao.com.br\/portal\/wp-json\/wp\/v2\/types\/post"}],"author":[{"embeddable":true,"href":"https:\/\/obeabadosertao.com.br\/portal\/wp-json\/wp\/v2\/users\/1"}],"replies":[{"embeddable":true,"href":"https:\/\/obeabadosertao.com.br\/portal\/wp-json\/wp\/v2\/comments?post=600"}],"version-history":[{"count":5,"href":"https:\/\/obeabadosertao.com.br\/portal\/wp-json\/wp\/v2\/posts\/600\/revisions"}],"predecessor-version":[{"id":19588,"href":"https:\/\/obeabadosertao.com.br\/portal\/wp-json\/wp\/v2\/posts\/600\/revisions\/19588"}],"wp:featuredmedia":[{"embeddable":true,"href":"https:\/\/obeabadosertao.com.br\/portal\/wp-json\/wp\/v2\/media\/19585"}],"wp:attachment":[{"href":"https:\/\/obeabadosertao.com.br\/portal\/wp-json\/wp\/v2\/media?parent=600"}],"wp:term":[{"taxonomy":"category","embeddable":true,"href":"https:\/\/obeabadosertao.com.br\/portal\/wp-json\/wp\/v2\/categories?post=600"},{"taxonomy":"post_tag","embeddable":true,"href":"https:\/\/obeabadosertao.com.br\/portal\/wp-json\/wp\/v2\/tags?post=600"}],"curies":[{"name":"wp","href":"https:\/\/api.w.org\/{rel}","templated":true}]}}