{"id":6079,"date":"2012-02-04T00:00:00","date_gmt":"2012-02-04T00:00:00","guid":{"rendered":""},"modified":"2012-02-04T00:00:00","modified_gmt":"2012-02-04T00:00:00","slug":"Professores-protestam-contra-atraso-de-salarios-em-Coremas","status":"publish","type":"post","link":"https:\/\/obeabadosertao.com.br\/portal\/2012\/02\/04\/Professores-protestam-contra-atraso-de-salarios-em-Coremas\/","title":{"rendered":"Professores protestam contra atraso de sal\u00e1rios em Coremas"},"content":{"rendered":"<div id=\"tt-temp-estim\">Tempo de leitura: 9 minutos<\/div><p style=\"text-align: justify;\">\n<span style=\"font-size: small;\"><span style=\"font-family: Verdana;\"> <span style=\"color: rgb(255, 0, 0);\"><strong><em><span style=\"font-family: Arial;\">Sindicato e professores de Coremas deliberam por n&atilde;o iniciar ano letivo de 2012, caso o Prefeito n&atilde;o normalize sal&aacute;rios.<\/span><\/em><\/strong><\/span><\/p>\n<p><strong>Coremas(PB) &#8211; <\/strong>O SISPEC &#8211; Sindicato dos Servidores P&uacute;blicos da Educa&ccedil;&atilde;o do Munic&iacute;pio de Coremas &#8211; realizou, na manh&atilde; desta sexta-feira(<span style=\"font-family: Arial;\">03Fevereiro2012<\/span>), por volta das 08h30m, no Pr&eacute;dio da C&acirc;mara Municipal de Coremas, uma Assembl&eacute;ia Geral Extraordin&aacute;ria com o objetivo de deliberar acerca das pr&oacute;ximas a&ccedil;&otilde;es do Sindicato junto &agrave; Classe do Magist&eacute;rio P&uacute;blico Municipal, tendo em vista o in&iacute;cio do ano letivo de 2012.<\/p>\n<p><img fetchpriority=\"high\" decoding=\"async\" width=\"465\" align=\"absMiddle\" height=\"311\" alt=\"\" src=\"\/UserFiles\/Image\/educacao\/eventos\/04fev2012_assembleia_sind_prof_coremas_pb_advogado_admilson_leite_e_professores_465a.jpg\" \/><\/p>\n<p>Segundo o Presidente do <\/span><\/span><span style=\"font-size: small;\"><span style=\"font-family: Verdana;\">SISPEC, Valdi Machado, p<\/span><\/span><span style=\"font-size: small;\"><span style=\"font-family: Verdana;\">or unanimidade dos presentes, ficou deliberado que os professores da rede municipal de ensino de Coremas(<span style=\"font-family: Arial;\">PB<\/span>) n&atilde;o dar&atilde;o in&iacute;cio ao ano letivo de 2012 na pr&oacute;xima segunda-feira(<span style=\"font-family: Arial;\">13Fevereiro2012<\/span>), quando ent&atilde;o ter&aacute; lugar uma mobiliza&ccedil;&atilde;o pelas principais ruas da cidade.<\/p>\n<p>\nO sindicalista Valdi Machado explicou que com base nas reivindica&ccedil;&otilde;es n&atilde;o atendidas pelo Gestor Municipal, em vota&ccedil;&atilde;o un&acirc;nime dos professores presentes, ficou deliberado que os educadores da rede municipal de ensino de Coremas(PB) n&atilde;o dar&atilde;o in&iacute;cio ao ano letivo de 2012 na pr&oacute;xima segunda-feira(<span style=\"font-family: Arial;\">13Fevereiro2012<\/span>), quando ent&atilde;o ter&aacute; lugar uma mobiliza&ccedil;&atilde;o pelas principais ruas da cidade, com base nas seguintes reivindica&ccedil;&otilde;es n&atilde;o atendidas pelo Gestor Municipal:<\/p>\n<p>\n&bull;\tCria&ccedil;&atilde;o da Comiss&atilde;o de avalia&ccedil;&atilde;o do desempenho para elabora&ccedil;&atilde;o dos crit&eacute;rios necess&aacute;rios &agrave; avalia&ccedil;&atilde;o da progress&atilde;o dos profissionais do magist&eacute;rio, consoante estabelece o Plano de Cargos e Sal&aacute;rios do Magist&eacute;rio P&uacute;blico Municipal de Coremas;<\/p>\n<p>\n&bull;\tAgendamento de audi&ecirc;ncia com a Diretoria do Sindicato, para discuss&atilde;o do reajuste de 21,25% sobre os vencimentos dos professores, conforme as Leis 11.738\/2008(<span style=\"font-family: Arial;\">Federal<\/span>) e 059\/2011(<span style=\"font-family: Arial;\">municipal<\/span>);<\/p>\n<p>\n&bull;\tRegulariza&ccedil;&atilde;o dos pagamentos dos profissionais do magist&eacute;rio, sendo restitu&iacute;da a gratifica&ccedil;&atilde;o dos supervisores escolares;<\/p>\n<p>\n&bull;\tCorre&ccedil;&atilde;o do piso salarial do quadro do magist&eacute;rio de acordo com a habilita&ccedil;&atilde;o, tempo de servi&ccedil;o e grau de instru&ccedil;&atilde;o, bem como ainda regularizar a data-base dos pagamentos at&eacute; o 5&deg;(<span style=\"font-family: Arial;\">quinto<\/span>) dia &uacute;til do m&ecirc;s subseq&uuml;ente ao trabalhado, de acordo com a decis&atilde;o proferida pela Ju&iacute;za da Comarca de Coremas no mandado de seguran&ccedil;a impetrado pelo Sindicato.<\/p>\n<p><img decoding=\"async\" align=\"absMiddle\" alt=\"\" src=\"http:\/\/www.obeabadosertao.com.br\/UserFiles\/Image\/politicos\/edilson_pereira_de_oliveira_prefeito_coremas_pb_465.jpg\" \/><\/p>\n<p>O&nbsp;Presidente <\/span><\/span><span style=\"font-size: small;\"><span style=\"font-family: Verdana;\">Valdi Machado<\/span><\/span><span style=\"font-size: small;\"><span style=\"font-family: Verdana;\"> pontuou que todas as reivindica&ccedil;&otilde;es foram levadas ao conhecimento do Prefeito de Coremas(<span style=\"font-family: Arial;\">PB<\/span>), o administrador Ed&iacute;lson Pereira<strong>(<span style=\"color: rgb(255, 0, 0);\"><span style=\"font-family: Arial;\">Foto acima<\/span><\/span>)<\/strong> encaminhados atrav&eacute;s de of&iacute;cios jamais respondidos. &quot;<em>A decis&atilde;o de n&atilde;o iniciar o ano letivo de 2012 no dia 13(<span style=\"font-family: Arial;\">Fev2012<\/span>) est&aacute; condicionada a uma manifesta&ccedil;&atilde;o por parte da Administra&ccedil;&atilde;o Municipal, que tem at&eacute; o dia 09(<span style=\"font-family: Arial;\">Fev2012<\/span>) para faz&ecirc;-lo, pois que a mesma ser&aacute; notificada por meio de of&iacute;cio na pr&oacute;xima segunda-feira<\/em>(<span style=\"font-family: Arial;\">06Fevereiro2012<\/span>)&quot; disse.<\/p>\n<p>\n&quot;<em>Ali&aacute;s, conv&eacute;m esclarecer a dificuldade que este Sindicato encontra em protocolar Of&iacute;cios na Prefeitura Municipal de Coremas(PB), caso comprovado pelos recibos dos Correios dos tr&ecirc;s &uacute;ltimos Of&iacute;cios enviados &agrave;quela Edilidade por meio de carta com AR, o que &eacute; lament&aacute;vel e inaceit&aacute;vel, uma vez que os funcion&aacute;rios de plant&atilde;o n&atilde;o possuem autoriza&ccedil;&atilde;o para receber tais correspond&ecirc;ncias na aus&ecirc;ncia do Gestor Ed&iacute;lson Pereira&quot; desabafou o sindicalista<\/em>.<\/p>\n<p>\n<\/span><\/span><span style=\"font-size: small;\"><span style=\"font-family: Verdana;\"><img decoding=\"async\" width=\"465\" align=\"absMiddle\" height=\"311\" alt=\"\" src=\"\/UserFiles\/Image\/educacao\/eventos\/04fev2012_assembleia_sind_prof_coremas_pb_presidente_valdi_machado_advogado_admilson_leite_465.jpg\" \/><\/span><\/span><br \/>\n<span style=\"font-size: small;\"><span style=\"font-family: Verdana;\"> <\/p>\n<p>Segundo informa&ccedil;&atilde;o enviada por <\/span><\/span><span style=\"font-size: small;\"><span style=\"font-family: Verdana;\">Valdi Machado da N&oacute;brega,<\/span><\/span><span style=\"font-size: small;\"><span style=\"font-family: Verdana;\"> Presidente do SISPEC<\/span><\/span><span style=\"font-size: small;\"><span style=\"font-family: Verdana;\">(<span style=\"font-family: Arial;\">Sindicato dos Servidores P&uacute;blicos da Educa&ccedil;&atilde;o do Munic&iacute;pio de Coremas\/PB<\/span>)<\/span><\/span><span style=\"font-size: small;\"><span style=\"font-family: Verdana;\">, desde o m&ecirc;s de fevereiro(<span style=\"font-family: Arial;\">2011<\/span>) os professores da rede municipal de Coremas, atrav&eacute;s do SISPEC vem travando uma verdadeira &quot;<em>guerra<\/em>&quot; com o atual Gestor de Coremas, o senhor Edilson Pereira de Oliveira, que insiste, segundo a Dire&ccedil;&atilde;o do Sindicato, &quot;<em>em tratar a Educa&ccedil;&atilde;o no Munic&iacute;pio com desd&eacute;m<\/em>&quot;.<\/span><\/span><span style=\"font-size: small;\"><span style=\"font-family: Verdana;\"><\/p>\n<p>\n<span style=\"color: rgb(0, 0, 255);\"><span style=\"font-size: medium;\"><span style=\"font-family: Arial;\"><strong>Implata&ccedil;&atilde;o do PCCR<\/strong><\/span><\/span><\/span><\/span><\/span><span style=\"font-size: small;\"><span style=\"font-family: Verdana;\"><br \/>\n<\/span><\/span><span style=\"font-size: small;\"><span style=\"font-family: Verdana;\">Valdi Machado revelou que a <\/span><\/span><span style=\"font-size: small;\"><span style=\"font-family: Verdana;\">&quot;<em>guerra<\/em>&quot; em curso refere-se &agrave; implanta&ccedil;&atilde;o do PCCR do Magist&eacute;rio e mais condi&ccedil;&otilde;es dignas de trabalho nas escolas da rede municipal. Sob forte press&atilde;o a classe conseguiu a aprova&ccedil;&atilde;o do PCCR do Magist&eacute;rio(<span style=\"font-family: Arial;\">Lei n&deg; 059\/2011<\/span>) no m&ecirc;s de junho de 2011.<br \/>\n<\/span><\/span><\/p>\n<p><span style=\"font-size: small;\"><span style=\"font-family: Verdana;\"> O pior, segundo os sindicalistas, veio logo em seguida, ap&oacute;s a aprova&ccedil;&atilde;o do PCCR do Magist&eacute;rio: &quot;<em>os sal&aacute;rios dos professores viraram uma enorme bagun&ccedil;a. Oscilavam, criando um momento de instabilidade para os professores. Esta oscila&ccedil;&atilde;o deu-se por conta de um erro grosseiro e insensato por parte dos respons&aacute;veis pela folha de pagamento dos professores, sob a forte alega&ccedil;&atilde;o de que n&atilde;o dispunham dos dados necess&aacute;rios. Ora, como pode uma Prefeitura n&atilde;o dispor dos dados e informa&ccedil;&otilde;es de seus servidores<\/em>?&quot;, questionam.<\/p>\n<p><\/span><\/span><span style=\"font-size: small;\"><span style=\"font-family: Verdana;\"><img decoding=\"async\" align=\"absMiddle\" alt=\"\" src=\"\/UserFiles\/Image\/educacao\/eventos\/04fev2012_assembleia_sind_prof_coremas_pb_advogado_admilson_leite_e_professores_465b.jpg\" \/><\/span><\/span><br \/>\n<span style=\"font-size: small;\"><span style=\"font-family: Verdana;\"><br \/>\n<\/span><\/span><span style=\"font-size: small;\"><span style=\"font-family: Verdana;\">Valdi Machado pontuou ainda que durante v<\/span><\/span><span style=\"font-size: small;\"><span style=\"font-family: Verdana;\">&aacute;rios anos seguidos, ap&oacute;s a posse do Prefeito Edilson Pereira, &quot;<em>todos os Servidores Municipais, sem exce&ccedil;&atilde;o, foram convocados para um recadastramento, com c&oacute;pias de documentos comprobat&oacute;rios autenticadas em cart&oacute;rio e ainda assim n&atilde;o foram suficientes para prevenir o c&ocirc;mico erro na implanta&ccedil;&atilde;o do PCCR do Magist&eacute;rio<\/em>&quot;, argumenta.<\/span><\/span><\/p>\n<p style=\"text-align: justify;\"><span style=\"font-size: small;\"><span style=\"font-family: Verdana;\"><br \/>\n&quot;<em>Apesar de a Lei 059\/2011 prever a gratifica&ccedil;&atilde;o de fun&ccedil;&atilde;o para diretores, vice-diretores e n&atilde;o retirar a do pessoal t&eacute;cnico pedag&oacute;gico(<span style=\"font-family: Arial;\">Supervisor, Orientador, etc.<\/span>), suas gratifica&ccedil;&otilde;es simplesmente foram suprimidas dos contracheques. De tanto massacre e desconsidera&ccedil;&atilde;o com a classe dos professores, o SISPEC impetrou um mandado de seguran&ccedil;a coletivo(<span style=\"font-family: Arial;\">processo n&deg; 056.2011.000.816-8<\/span>), perante a Justi&ccedil;a Estadual de Coremas, a fim de que fosse garantido o cumprimento do PCCR na &iacute;ntegra, conforme aprovado, bem como que fosse assegurado aos associados o recebimento de suas remunera&ccedil;&otilde;es em uma data-base. Isto ainda n&atilde;o aconteceu, apesar da Ju&iacute;za da Comarca de Coremas tenha proferido decis&atilde;o judicial favor&aacute;vel &agrave; categoria dos professores. Um dos pontos fortes da decis&atilde;o judicial foi justamente a obrigatoriedade do Munic&iacute;pio em efetuar o pagamento dos servidores associados ao SISPEC at&eacute; o 5&deg;(<span style=\"font-family: Arial;\">quinto<\/span>) dia &uacute;til do m&ecirc;s subseq&uuml;ente ao trabalhado, al&eacute;m da reposi&ccedil;&atilde;o de todas as gratifica&ccedil;&otilde;es pertinentes e mais a atualiza&ccedil;&atilde;o do percentual dos q&uuml;inq&uuml;&ecirc;nios adquiridos, de acordo com os vencimentos de cada um. Mas o Sr. Prefeito insiste em descumprir at&eacute; mesmo as decis&otilde;es judiciais. A justificativa informada pelas autoridades competentes &eacute; de que as contas da Prefeitura Municipal de Coremas est&atilde;o bloqueadas<\/em>&quot;, explicou.<\/span><\/span><\/p>\n<p style=\"text-align: justify;\"><span style=\"font-size: small;\"><span style=\"font-family: Verdana;\"><br \/>\n<\/span><\/span><span style=\"font-size: small;\"><span style=\"font-family: Verdana;\">Valdi Machado destacou ainda que <\/span><\/span><span style=\"font-size: small;\"><span style=\"font-family: Verdana;\">no ano de 2011, o Munic&iacute;pio de Coremas recebeu, a t&iacute;tulo de repasse do Fundeb, R$ 2.878.845,08, sendo que deste valor, R$ 276.709,35 foram depositados apenas no m&ecirc;s de Dezembro(<span style=\"font-family: Arial;\">2011<\/span>), &quot;<\/span><\/span><em><span style=\"font-size: small;\"><span style=\"font-family: Verdana;\">o que foi suficiente para garantir o pagamento dos profissionais do magist&eacute;rio, n&atilde;o havendo assim motivo plaus&iacute;vel para que at&eacute; este final do m&ecirc;s de Janeiro(<span style=\"font-family: Arial;\">2012<\/span>), n&atilde;o tenham sido ainda pagos os sal&aacute;rios do m&ecirc;s de Dezembro(<span style=\"font-family: Arial;\">2011<\/span>), protestou, adiantando ainda que no<\/span><\/span><span style=\"font-size: small;\"><span style=\"font-family: Verdana;\"> m&ecirc;s de Janeiro(<span style=\"font-family: Arial;\">2012<\/span>), at&eacute; o dia 26, j&aacute; foram repassados para o Munic&iacute;pio de Coremas, em recursos do FUNDEB, cerca de R$ 162.147,53<\/span><\/span><\/em><span style=\"font-size: small;\"><span style=\"font-family: Verdana;\">&quot;.<\/span><\/span><\/p>\n<p><span style=\"color: rgb(0, 0, 255);\"><span style=\"font-size: medium;\"><span style=\"font-family: Arial;\"><strong>Merenda escolar<\/strong><\/span><\/span><\/span><span style=\"font-size: small;\"><span style=\"font-family: Verdana;\"><br \/>\nRevelando-se extremamente preocupado com a situa&ccedil;&atilde;o, o sindicalista afirmou ainda que atualmente a cidade de Coremas &quot;<em>&eacute; conhecida por oferecer merenda de p&eacute;ssima qualidade nas escolas. Tanto em 2010 quanto em 2011 tivemos um bloqueio nos repasses mensais das parcelas da merenda(<span style=\"font-family: Arial;\">do PNAE<\/span>) de Coremas. O motivo? Irregularidade no Conselho de Acompanhamento do PNAE em Coremas<\/em>&quot;, lamentou.<\/span><\/span><\/p>\n<p style=\"text-align: justify;\"><span style=\"font-size: small;\"><span style=\"font-family: Verdana;\"><br \/>\n&quot;<em>O pior de tudo &eacute; o preju&iacute;zo que os alunos sofrem nas escolas, ou seja, meses sem ver merenda escolar. Na p&aacute;gina eletr&ocirc;nica do CAE(<span style=\"font-family: Arial;\">Conselho de Alimenta&ccedil;&atilde;o Escolar<\/span>), quando consultado o CAE de Coremas, o mesmo se encontra com o status Diligenciado. Isto significa irregularidade na sua composi&ccedil;&atilde;o, que certamente est&aacute; em desacordo com a Resolu&ccedil;&atilde;o n&deg; 038\/2009<\/em>(<span style=\"font-family: Arial;\">FNDE<\/span>)&quot;.<\/p>\n<p><span style=\"color: rgb(0, 0, 255);\"><span style=\"font-size: medium;\"><span style=\"font-family: Arial;\"><strong>Dif&iacute;cil acesso<\/strong><\/span><\/span><\/span><br \/>\nEm sua narrativa o Presidente afirmou que na ter&ccedil;a-feira(<span style=\"font-family: Arial;\">17Janeiro2012<\/span>), foi ao Pr&eacute;dio sede da Prefeitura Municipal de Coremas(PB), junto com o advogado do SISPEC, Admilson Leite de Almeida Junior protocolar o Of&iacute;cio n&deg; 001\/2012, solicitando uma audi&ecirc;ncia com o Prefeito e a Diretoria do Sindicato, para discutir quest&otilde;es de reajuste salarial obrigat&oacute;rio, conforme a Lei do Piso Salarial(<span style=\"font-family: Arial;\">Lei Federal n&ordm; 11.738\/2008<\/span>), e tamb&eacute;m para reivindicar o cumprimento do PCCR dos professores, al&eacute;m da cria&ccedil;&atilde;o da comiss&atilde;o para an&aacute;lise das progress&otilde;es funcionais dos docentes, prevista na Lei Municipal n&ordm; 059\/2011.<\/p>\n<p>\nAo serem recebidos por quatro funcion&aacute;rios de prontid&atilde;o na Prefeitura, ningu&eacute;m ousou receber(<span style=\"font-family: Arial;\">protocolar<\/span>) o Of&iacute;cio. Pelo contr&aacute;rio, o protocolador autorizado n&atilde;o se encontrava no recinto. &quot;<em>Uma funcion&aacute;ria gentilmente telefonou para o dign&iacute;ssimo Gestor, indagando sobre uma poss&iacute;vel autoriza&ccedil;&atilde;o para receber o of&iacute;cio do Sindicato. Em resposta, ouviu-se um n&atilde;o categ&oacute;rico, pois que o mesmo chegaria na sexta-feira e iria receber o of&iacute;cio pessoalmente. N&atilde;o restou alternativa, a n&atilde;o ser enviar o of&iacute;cio por meio de carta com AR pelos Correios. &Eacute; lament&aacute;vel que os funcion&aacute;rios da Prefeitura sejam instru&iacute;dos a n&atilde;o receber os of&iacute;cios do Sindicato sem o pr&eacute;vio aval do Sr. Prefeito, como se ali n&atilde;o fosse uma reparti&ccedil;&atilde;o p&uacute;blica, mas na verdade um local privado, e de acesso apenas para poucos<\/em>&quot;.<\/span><\/span><\/p>\n<p><span style=\"font-size: small;\"><span style=\"font-family: Verdana;\"><br \/>\nA equipe de <em>O B&ecirc;-&aacute;-b&aacute; do Sert&atilde;o<\/em> tentou manter um contato telef&ocirc;nico com o Prefeito de Coremas(<span style=\"font-family: Arial;\">PB<\/span>), para que o mesmo apresentasse suas justificativas, mas o mesmo n&atilde;o foi localizado.<\/span><\/span><\/p>\n<p style=\"text-align: justify;\"><span style=\"color: rgb(255, 0, 0);\"><span style=\"font-family: Arial;\"><strong><em><span style=\"font-size: small;\"><\/p>\n<p><\/span>* Ascom\/SISPEC.<\/em><\/strong><\/span><\/span><\/p>\n","protected":false},"excerpt":{"rendered":"<p>Na luta pelos direitos, professores do munic\u00edpio de Coremas votaram por unanimidade pela deflagra\u00e7\u00e3o de greve.<\/p>\n","protected":false},"author":1,"featured_media":0,"comment_status":"open","ping_status":"","sticky":false,"template":"","format":"standard","meta":[],"categories":[21],"tags":[],"amp_enabled":true,"_links":{"self":[{"href":"https:\/\/obeabadosertao.com.br\/portal\/wp-json\/wp\/v2\/posts\/6079"}],"collection":[{"href":"https:\/\/obeabadosertao.com.br\/portal\/wp-json\/wp\/v2\/posts"}],"about":[{"href":"https:\/\/obeabadosertao.com.br\/portal\/wp-json\/wp\/v2\/types\/post"}],"author":[{"embeddable":true,"href":"https:\/\/obeabadosertao.com.br\/portal\/wp-json\/wp\/v2\/users\/1"}],"replies":[{"embeddable":true,"href":"https:\/\/obeabadosertao.com.br\/portal\/wp-json\/wp\/v2\/comments?post=6079"}],"version-history":[{"count":0,"href":"https:\/\/obeabadosertao.com.br\/portal\/wp-json\/wp\/v2\/posts\/6079\/revisions"}],"wp:attachment":[{"href":"https:\/\/obeabadosertao.com.br\/portal\/wp-json\/wp\/v2\/media?parent=6079"}],"wp:term":[{"taxonomy":"category","embeddable":true,"href":"https:\/\/obeabadosertao.com.br\/portal\/wp-json\/wp\/v2\/categories?post=6079"},{"taxonomy":"post_tag","embeddable":true,"href":"https:\/\/obeabadosertao.com.br\/portal\/wp-json\/wp\/v2\/tags?post=6079"}],"curies":[{"name":"wp","href":"https:\/\/api.w.org\/{rel}","templated":true}]}}