{"id":6156,"date":"2012-03-05T00:00:00","date_gmt":"2012-03-05T00:00:00","guid":{"rendered":""},"modified":"2020-07-25T12:31:19","modified_gmt":"2020-07-25T12:31:19","slug":"assessor-da-presidencia-chama-secretario-geral-da-fifa-de-vagabundo","status":"publish","type":"post","link":"https:\/\/obeabadosertao.com.br\/portal\/2012\/03\/05\/assessor-da-presidencia-chama-secretario-geral-da-fifa-de-vagabundo\/","title":{"rendered":"Assessor da Presid\u00eancia chama secret\u00e1rio-geral da Fifa de vagabundo"},"content":{"rendered":"<div id=\"tt-temp-estim\">Tempo de leitura: 6 minutos<\/div><p style=\"text-align: justify;\"><span style=\"font-size: small;\"><span style=\"font-family: Verdana;\"><br \/>\n<strong>Hannover(Alemanha) &#8211;<\/strong> O assessor especial para assuntos internacionais da Presid\u00eancia, Marco Aur\u00e9lio Garcia, chamou neste domingo(<span style=\"font-family: Arial;\">04Mar\u00e7o2012<\/span>) o secret\u00e1rio-geral da Fifa, J\u00e9r\u00f4me Valcke, de \u201c<em><span style=\"font-family: Verdana;\">vagabundo<\/span><\/em>\u201d por ter dito que o Brasil n\u00e3o estava organizando a Copa do Mundo como deveria e, por isso, merecia um \u201c<em>pontap\u00e9 no traseiro<\/em>\u201d.<\/span><\/span><\/p>\n<p>&#8220;<em>O interlocutor<\/em>(<span style=\"font-family: Arial;\">da Fifa<\/span>) <em>j\u00e1 est\u00e1 riscado. Esse cara \u00e9 um vagabundo<\/em>!&#8221; &#8211; reagiu, pouco depois de chegar a Hannover, na Alemanha, na comitiva da presidente Dilma Rousseff. Garcia disse que a presidente n\u00e3o discutiu isso \u00e0 caminho da Alemanha: &#8220;<em>Imagina! A presidente tem coisas melhores para se irritar do que com os coment\u00e1rios de um boquirroto<\/em>&#8220;.<\/p>\n<p>Garcia se mostrou particularmente irritado com a linguagem que Valcke usou e disse que n\u00e3o acredita que ele estivesse falando em nome da Fifa: &#8220;<em>N\u00e3o me parece que bunda seja uma palavra diplom\u00e1tica, mesmo se traduzir como traseiro<\/em>\u2026&#8221;. Ele disse que Valcke \u201c<em>mordeu a l\u00edngua<\/em>\u201d: &#8220;<em>\u00c9 um boquirroto. Ele n\u00e3o criou um problema para n\u00f3s: criou um problema para a Fifa<\/em>&#8220;.<\/p>\n<p>Garcia aproveitou para alfinetar Valcke como franc\u00eas: &#8220;<em>Para a\u00ed: os franceses nunca se deram bem no colonialismo no Brasil&#8230;<\/em>&#8220;. Quanto ao m\u00e9rito da cr\u00edtica, o assessor especial da presid\u00eancia disse que o Brasil vai ter o mesmo ritmo dos europeus e vai fazer(<span style=\"font-family: Arial;\">as obras necess\u00e1rias<\/span>) \u201c<em>do nosso jeito<\/em>\u201d.<span style=\"font-size: small;\"><span style=\"font-family: Verdana;\"><\/span><\/span><\/p>\n<p><span style=\"font-size: medium;\"><span style=\"font-family: Arial;\"><span style=\"color: rgb(0, 0, 255);\"><strong>Cr\u00edticas<\/strong><\/span><\/span><\/span><br \/>\nO secret\u00e1rio geral da Fifa, J\u00e9r\u00f4me Valcke, criticou duramente a organiza\u00e7\u00e3o da Copa de 2014, no Brasil. Ele reclamou do atraso nas obras de infra-estrutura nas cidades sedes e disse que o pa\u00eds est\u00e1 mais preocupado em ganhar o Mundial do que em organiz\u00e1-lo. &#8220;<em>As coisas n\u00e3o est\u00e3o funcionando no Brasil. Muitas coisas est\u00e3o atrasadas&#8221; &#8211; atacou Valcke, que visitar\u00e1 o Brasil na pr\u00f3xima semana. &#8220;Acho que a prioridade do Brasil \u00e9 ganhar o Mundial. N\u00e3o creio que seja organizar o Mundial<\/em>&#8221; &#8211; refor\u00e7ou.<\/p>\n<p>O secret\u00e1rio lembrou que o tempo est\u00e1 passando e n\u00e3o existe um plano B caso o Brasil n\u00e3o d\u00ea conta de cumprir todas as exig\u00eancias: &#8220;<em>Esper\u00e1vamos mais suporte. Dev\u00edamos ter recebido esses documentos assinados em 2007 e estamos em 2012. Tem que acelerar, ganhar um pontap\u00e9 no traseiro e simplesmente entregar a Copa<\/em>&#8220;.<\/p>\n<p>Segundo o dirigente, faltam apoio e entusiasmo por parte das autoridades brasileiras para finalizar os est\u00e1dios e trabalhar a estrutura relacionada a hot\u00e9is e transporte p\u00fablico. &#8220;<em>N\u00e3o h\u00e1 hot\u00e9is suficientes. Voc\u00ea tem mais do que o suficiente em S\u00e3o Paulo e no Rio, mas se voc\u00ea pensa em Manaus, voc\u00ea precisa mais. Vamos dizer que joguem Inglaterra x Holanda em Salvador. Onde os torcedores v\u00e3o ficar? A cidade \u00e9 bonita, mas o modo de chegar ao est\u00e1dio e a organiza\u00e7\u00e3o de transporte precisa melhorar<\/em>&#8220;, alertou.<\/p>\n<p>Valcke tamb\u00e9m se disse frustrado pela demora na aprova\u00e7\u00e3o da Lei Geral da Copa. Na ter\u00e7a-feira(<span style=\"font-family: Arial;\">28Fevereiro2012<\/span>) passada o texto base chegou a ser aprovado na comiss\u00e3o especial da C\u00e2mara para tratar do tema, mas a aprova\u00e7\u00e3o acabou anulada, por uma quest\u00e3o regimental. Por dois minutos, a sess\u00e3o na comiss\u00e3o extrapolou o hor\u00e1rio e coincidiu com o in\u00edcio da Ordem do Dia no plen\u00e1rio, o que \u00e9 vetado pelo regimento da C\u00e2mara. Isso permitiu que um deputado levantasse quest\u00e3o de ordem e pedisse a anula\u00e7\u00e3o da sess\u00e3o. Nova vota\u00e7\u00e3o deve ocorrer na semana que vem. Depois ainda precisar\u00e1 passar no plen\u00e1rio da C\u00e2mara e ainda receber o aval dos senadores.<\/p>\n<p>A Lei Geral da Copa \u00e9 motivo de muita discuss\u00e3o entre governo e oposi\u00e7\u00e3o. Mesmo entre os governistas n\u00e3o h\u00e1 consenso sobre pontos considerados pol\u00eamicos. Os principais s\u00e3o a venda de bebida alc\u00f3lica nos est\u00e1dios e a meia-entrada.<\/p>\n<p>O relator do texto, deputado Vicente C\u00e2ndido(<span style=\"font-family: Arial;\">PT-SP<\/span>), colocou no projeto a permiss\u00e3o para a venda de bebida alco\u00f3lica, que teria ficado acertada com a Fifa quando da candidatura do Brasil a sede do Mundial.<\/p>\n<p>Os contr\u00e1rios \u00e0 ideia argumentam que a probi\u00e7\u00e3o reduziu o n\u00famero de casos de viol\u00eancia nos est\u00e1dios. Para C\u00e2ndido, proibir a venda durante a Copa mancharia a imagem do pa\u00eds, que estaria desrespeitando um compromisso da \u00e9poca da candidatura na Fifa.<\/p>\n<p>Sobre a meia-entrada, o texto proposto pelo relator prev\u00ea a venda de pelo menos 300 mil ingressos populares para estudantes, idosos e benefici\u00e1rios de programas de transfer\u00eancia de renda do governo. E tamb\u00e9m garante o direito a idosos com mais de 60 anos.<\/p>\n<p>Outro tema que gera controv\u00e9rsia \u00e9 a exig\u00eancia da Fifa de que o governo brasileiro arque com eventuais preju\u00edzos \u00e0 entidade m\u00e1xima do futebol causados por desastres naturais e atos de terrorismo. O relator incluiu isso no texto, mas afirmou que caber\u00e1 ao ministro-chefe da Advocacia Geral da Uni\u00e3o(<span style=\"font-family: Arial;\">AGU<\/span>) dar um parecer com sua interpreta\u00e7\u00e3o sobre a quest\u00e3o. Ainda segundo C\u00e2ndido, h\u00e1 diferentes interpreta\u00e7\u00f5es, mesmo dentro do governo, em rela\u00e7\u00e3o \u00e0 reda\u00e7\u00e3o do projeto original enviado \u00e0 C\u00e2mara em setembro. Segundo o relator, o parecer da AGU ser\u00e1 apresentado \u00e0 Fifa ainda durante a tramita\u00e7\u00e3o do projeto no Congresso.<\/p>\n<p><span style=\"color: rgb(0, 0, 255);\"><span style=\"font-size: medium;\"><span style=\"font-family: Arial;\"><strong>Valcke j\u00e1 tinha subido tom das cr\u00edticas<\/strong><\/span><\/span><\/span><br \/>\nEm meados de janeiro deste ano o secret\u00e1rio-geral da Fifa j\u00e1 tinha se queixado com mais \u00eanfase do que de costume. Ap\u00f3s reuni\u00e3o com o ministro do Esporte, Aldo Rebelo, e o conselheiro do Comit\u00ea Organizador Local da Copa(COL) e ex-jogador Ronaldo, em Bras\u00edlia, naquela ocasi\u00e3o, J\u00e9r\u00f4me Valcke disse que o pa\u00eds faz exig\u00eancias demais \u00e0 Fifa.<\/p>\n<p>&#8220;<em>S\u00f3 porque voc\u00eas ganharam cinco Copas do Mundo, voc\u00eas acham que podem pedir, pedir e pedir<\/em>&#8221; &#8211; declarou a jornalistas na ocasi\u00e3o, quando voltou a cobrar agilidade na aprova\u00e7\u00e3o da Lei Geral da Copa.<\/p>\n<p>O dirigente tinha dado prazo at\u00e9 mar\u00e7o para que o projeto se tornasse realidade e pusesse fim \u00e0s negocia\u00e7\u00f5es que se arrastam h\u00e1 meses. &#8220;<em>Espero que possamos fechar esse cap\u00edtulo at\u00e9 mar\u00e7o. O tempo est\u00e1 passando r\u00e1pido como nunca e a expectativa aumenta para todos n\u00f3s<\/em>&#8221; &#8211; afirmou Valcke num comunicado divulgado pela Fifa em janeiro.<\/p>\n<p>A expectativa do governo era conseguir aprovar a Lei na Comiss\u00e3o Especial da C\u00e2mara em dezembro, mas diferen\u00e7as sobre um artigo que determina a responsabiliza\u00e7\u00e3o civil da Uni\u00e3o em caso de eventuais incidentes durante o Mundial e a quest\u00e3o da venda de bebida alco\u00f3lica nos est\u00e1dios na Copa adiaram a vota\u00e7\u00e3o para este ano.<\/p>\n<p>Em entrevista ao GLOBO em 2009, Valcke j\u00e1 manifestava sua preocupa\u00e7\u00e3o com a organiza\u00e7\u00e3o da Copa de 2014. Naquela \u00e9poca destacou dois pontos que considerava cruciais para o sucesso do Mundial, ambos a ver com o fluxo tur\u00edstico. &#8220;<em>A principal preocupa\u00e7\u00e3o em rela\u00e7\u00e3o ao Brasil \u00e9 aeroporto. N\u00e3o h\u00e1 bons aeroportos. Meu sentimento \u00e9 que muita gente vai querer vir ao Brasil, em 2014. \u00c9 um lugar especial, um pa\u00eds magnif\u00edco. Por isso, eu penso tamb\u00e9m que a coisa mais dif\u00edcil, o pior de conseguir, ser\u00e3o os ingressos. Esses dois pontos est\u00e3o ligados. Conhe\u00e7o muita gente que me diz que vir ao Brasil durante uma Copa do Mundo \u00e9 algo j\u00e1 marcado na agenda. Ent\u00e3o, precisamos cuidar bem desses temas<\/em>&#8221; &#8211; afirmou, no final daquele ano.<\/p>\n","protected":false},"excerpt":{"rendered":"<p>Tempo de leitura: 6 minutos Hannover(Alemanha) &#8211; O assessor especial para assuntos internacionais da Presid\u00eancia, Marco Aur\u00e9lio Garcia, chamou neste [&hellip;]<\/p>\n","protected":false},"author":1,"featured_media":0,"comment_status":"open","ping_status":"open","sticky":false,"template":"","format":"standard","meta":[],"categories":[48,35],"tags":[],"amp_enabled":true,"_links":{"self":[{"href":"https:\/\/obeabadosertao.com.br\/portal\/wp-json\/wp\/v2\/posts\/6156"}],"collection":[{"href":"https:\/\/obeabadosertao.com.br\/portal\/wp-json\/wp\/v2\/posts"}],"about":[{"href":"https:\/\/obeabadosertao.com.br\/portal\/wp-json\/wp\/v2\/types\/post"}],"author":[{"embeddable":true,"href":"https:\/\/obeabadosertao.com.br\/portal\/wp-json\/wp\/v2\/users\/1"}],"replies":[{"embeddable":true,"href":"https:\/\/obeabadosertao.com.br\/portal\/wp-json\/wp\/v2\/comments?post=6156"}],"version-history":[{"count":1,"href":"https:\/\/obeabadosertao.com.br\/portal\/wp-json\/wp\/v2\/posts\/6156\/revisions"}],"predecessor-version":[{"id":9118,"href":"https:\/\/obeabadosertao.com.br\/portal\/wp-json\/wp\/v2\/posts\/6156\/revisions\/9118"}],"wp:attachment":[{"href":"https:\/\/obeabadosertao.com.br\/portal\/wp-json\/wp\/v2\/media?parent=6156"}],"wp:term":[{"taxonomy":"category","embeddable":true,"href":"https:\/\/obeabadosertao.com.br\/portal\/wp-json\/wp\/v2\/categories?post=6156"},{"taxonomy":"post_tag","embeddable":true,"href":"https:\/\/obeabadosertao.com.br\/portal\/wp-json\/wp\/v2\/tags?post=6156"}],"curies":[{"name":"wp","href":"https:\/\/api.w.org\/{rel}","templated":true}]}}