{"id":6204,"date":"2012-03-12T00:00:00","date_gmt":"2012-03-12T00:00:00","guid":{"rendered":""},"modified":"2012-03-12T00:00:00","modified_gmt":"2012-03-12T00:00:00","slug":"Sebrae-PB-abre-inscricoes-para-selecao-de-Agentes-Locais-de-Inovacao","status":"publish","type":"post","link":"https:\/\/obeabadosertao.com.br\/portal\/2012\/03\/12\/Sebrae-PB-abre-inscricoes-para-selecao-de-Agentes-Locais-de-Inovacao\/","title":{"rendered":"Sebrae-PB abre inscri\u00e7\u00f5es para sele\u00e7\u00e3o de Agentes Locais de Inova\u00e7\u00e3o"},"content":{"rendered":"<div id=\"tt-temp-estim\">Tempo de leitura: 3 minutos<\/div><p style=\"text-align: justify;\"><span style=\"font-size: small;\"><span style=\"font-family: Verdana;\"><br \/>\n<strong>Jo&atilde;o Pessoa(PB) &#8211;<\/strong> O Sebrae Para&iacute;ba e Funda&ccedil;&atilde;o Parque Tecnol&oacute;gico lan&ccedil;aram o edital para sele&ccedil;&atilde;o de contra&ccedil;&atilde;o de 30 Agentes Locais de Inova&ccedil;&atilde;o(<span style=\"font-family: Arial;\">ALI<\/span>) e um orientador. Os selecionados ir&atilde;o desempenhar as atividades em 19 p&oacute;los de atua&ccedil;&atilde;o do Estado. As inscri&ccedil;&otilde;es para sele&ccedil;&atilde;o seguem at&eacute; o 8 de maio e custam R$ 40(<span style=\"font-family: Arial;\">Agentes Locais de Inova&ccedil;&atilde;o<\/span>) e R$ 80(<span style=\"font-family: Arial;\">orientador<\/span>).<\/p>\n<p>\nPodem participar da sele&ccedil;&atilde;o para agentes, profissionais das &aacute;reas de em Administra&ccedil;&atilde;o, Economia, Ci&ecirc;ncias Cont&aacute;beis, Pedagogia, Servi&ccedil;o Social, Turismo, Comunica&ccedil;&atilde;o Social, Psicologia, Engenharias, Nutri&ccedil;&atilde;o, Arquitetura ou Design, com at&eacute; tr&ecirc;s anos de forma&ccedil;&atilde;o, entre mar&ccedil;o de 2009 a 16 de mar&ccedil;o de 2012. A sele&ccedil;&atilde;o vai oferecer 30 vagas para este grupo, sendo 20 para contrata&ccedil;&atilde;o imediata e 10 para cadastro de reserva.<\/p>\n<p>\nJ&aacute; para a vaga de orientador podem concorrer os profissionais com forma&ccedil;&atilde;o superior m&iacute;nima de seis anos, com t&iacute;tulo de mestre ou doutor e com experi&ecirc;ncia em extens&atilde;o nas &aacute;reas de inova&ccedil;&atilde;o e\/ou tecnologia, al&eacute;m de participa&ccedil;&atilde;o direta ou indireta de projetos de pesquisas voltados a levantamento de boas pr&aacute;ticas de inova&ccedil;&atilde;o em empresas. Para este cargo, s&oacute; &eacute; oferecida uma vaga.<\/p>\n<p>\nOs aprovados ser&atilde;o bolsistas do Conselho Nacional de Desenvolvimento Cient&iacute;fico e Tecnol&oacute;gico(<span style=\"font-family: Arial;\">CNPq<\/span>) e ir&atilde;o receber R$ 2,4 mil e R$ 4 mil. O contrato &eacute; de dois anos.<\/p>\n<p>\nOs agentes t&ecirc;m como fun&ccedil;&atilde;o sensibilizar, facilitar, orientar e buscar solu&ccedil;&otilde;es para as necessidades das micro e pequenas empresas nas cidades que abrangem o programa. Em conjunto com os empres&aacute;rios, eles ir&atilde;o identificar oportunidades de inova&ccedil;&atilde;o que, porventura, n&atilde;o estejam sendo aproveitadas al&eacute;m de acompanhar a implanta&ccedil;&atilde;o das solu&ccedil;&otilde;es moldadas de acordo com as caracter&iacute;sticas de cada empresa. A fun&ccedil;&atilde;o do orientador &eacute; instruir a confec&ccedil;&atilde;o de artigos cient&iacute;ficos dos Agentes lotados nas Regi&otilde;es do Agreste, Zona da Mata e do Sert&atilde;o do Estado.<\/p>\n<p>\nAs inscri&ccedil;&otilde;es podem ser feitas no site da Funda&ccedil;&atilde;o Parque Tecnol&oacute;gico at&eacute; dia 8 de maio, no endere&ccedil;o eletr&ocirc;nico http:\/\/www.paqtc.org.br. Na p&aacute;gina, os interessados podem ter acesso ao edital e obter mais informa&ccedil;&otilde;es sobre a sele&ccedil;&atilde;o.<\/p>\n<p><span style=\"color: rgb(0, 0, 255);\"><span style=\"font-size: medium;\"><span style=\"font-family: Arial;\"><strong>O que &eacute; o ALI?<\/strong><\/span><\/span><\/span><br \/>\nO ALI, por exemplo, &eacute; um programa gratuito e continuado, oferecido pelo Sebrae, que provoca a reflex&atilde;o do empres&aacute;rio a partir de um processo inovador. Em dois anos(<span style=\"font-family: Arial;\">2010 e 2011<\/span>), o programa atendeu 1,4 mil empresas de oito segmentos diferentes(<span style=\"font-family: Arial;\">farm&aacute;cias; lanchonetes, bares e restaurantes; constru&ccedil;&atilde;o civil; ind&uacute;stria de panifica&ccedil;&atilde;o; escolas do setor privado; oficinas mec&acirc;nicas; t&ecirc;xtil; e ag&ecirc;ncias de viagens<\/span>). A partir de 2012, o atendimento do ALI ir&aacute; se expandir para servi&ccedil;os de hospedagem, de sa&uacute;de e ampliar o com&eacute;rcio varejista.<\/p>\n<p>\n<span style=\"color: rgb(0, 0, 255);\"><span style=\"font-family: Arial;\"><span style=\"font-size: medium;\"><strong><br \/>\nSele&ccedil;&atilde;o de consultores<\/strong><\/span><\/span><\/span><br \/>\nO Sebrae Para&iacute;ba divulgou no inicio do m&ecirc;s os nomes dos 61 selecionados para compor o banco de consultores credenciados do Sistema Sebrae. Os profissionais poder&atilde;o ser chamados para prestar consultoria em qualquer estado do pa&iacute;s em sistema de rod&iacute;zio. Os consultores ir&atilde;o atuar em diversas &aacute;reas, como Agroneg&oacute;cios, Gest&atilde;o de Qualidade, Vendas, Marketing, Recursos Humanos e Empreendedorismo, Financeiro.<\/span><\/span><\/p>\n","protected":false},"excerpt":{"rendered":"<p>Tempo de leitura: 3 minutos Jo&atilde;o Pessoa(PB) &#8211; O Sebrae Para&iacute;ba e Funda&ccedil;&atilde;o Parque Tecnol&oacute;gico lan&ccedil;aram o edital para sele&ccedil;&atilde;o [&hellip;]<\/p>\n","protected":false},"author":1,"featured_media":0,"comment_status":"open","ping_status":"","sticky":false,"template":"","format":"standard","meta":[],"categories":[37],"tags":[],"amp_enabled":true,"_links":{"self":[{"href":"https:\/\/obeabadosertao.com.br\/portal\/wp-json\/wp\/v2\/posts\/6204"}],"collection":[{"href":"https:\/\/obeabadosertao.com.br\/portal\/wp-json\/wp\/v2\/posts"}],"about":[{"href":"https:\/\/obeabadosertao.com.br\/portal\/wp-json\/wp\/v2\/types\/post"}],"author":[{"embeddable":true,"href":"https:\/\/obeabadosertao.com.br\/portal\/wp-json\/wp\/v2\/users\/1"}],"replies":[{"embeddable":true,"href":"https:\/\/obeabadosertao.com.br\/portal\/wp-json\/wp\/v2\/comments?post=6204"}],"version-history":[{"count":0,"href":"https:\/\/obeabadosertao.com.br\/portal\/wp-json\/wp\/v2\/posts\/6204\/revisions"}],"wp:attachment":[{"href":"https:\/\/obeabadosertao.com.br\/portal\/wp-json\/wp\/v2\/media?parent=6204"}],"wp:term":[{"taxonomy":"category","embeddable":true,"href":"https:\/\/obeabadosertao.com.br\/portal\/wp-json\/wp\/v2\/categories?post=6204"},{"taxonomy":"post_tag","embeddable":true,"href":"https:\/\/obeabadosertao.com.br\/portal\/wp-json\/wp\/v2\/tags?post=6204"}],"curies":[{"name":"wp","href":"https:\/\/api.w.org\/{rel}","templated":true}]}}