{"id":6354,"date":"2012-05-12T00:00:00","date_gmt":"2012-05-12T00:00:00","guid":{"rendered":""},"modified":"2012-05-12T00:00:00","modified_gmt":"2012-05-12T00:00:00","slug":"SNDC-reconhece-situacao-de-emergencia-nos-170-municipios-paraibanos","status":"publish","type":"post","link":"https:\/\/obeabadosertao.com.br\/portal\/2012\/05\/12\/SNDC-reconhece-situacao-de-emergencia-nos-170-municipios-paraibanos\/","title":{"rendered":"SNDC reconhece situa\u00e7\u00e3o de emerg\u00eancia nos 170 munic\u00edpios paraibanos"},"content":{"rendered":"<div id=\"tt-temp-estim\">Tempo de leitura: 2 minutos<\/div><p style=\"text-align: justify;\"><span style=\"font-size: small;\"><span style=\"font-family: Verdana;\"><br \/>\n<strong>Jo&atilde;o Pessoa(PB) &#8211; <\/strong>A Secretaria Nacional de Defesa Civil reconheceu a Situa&ccedil;&atilde;o de Emerg&ecirc;ncia nos 170 munic&iacute;pios da Para&iacute;ba, por meio da portaria de n&ordm; 187, de 10 de maio, publicada no Di&aacute;rio Oficial da Uni&atilde;o desta sexta-feira(<span style=\"font-family: Arial;\">11Maio2012<\/span>).  A medida teve como base o Decreto Estadual de n&ordm; 32.935, assinado pelo governador Ricardo Coutinho no dia 7 de maio. Neste s&aacute;bado(<span style=\"font-family: Arial;\">12Maio2012<\/span>), a Defesa Civil far&aacute; plant&atilde;o para prestar esclarecimentos e ajudar as prefeituras na confec&ccedil;&atilde;o dos documentos que dever&atilde;o ser encaminhados ao Governo federal.<\/p>\n<p>\nA Ger&ecirc;ncia Executiva Estadual de Defesa Civil esclareceu que o pr&oacute;ximo passo do Governo do Estado &eacute; encaminhar a documenta&ccedil;&atilde;o necess&aacute;ria contendo os dados de cada munic&iacute;pio &agrave; Secretaria Nacional de Defesa Civil &#8211; SEDEC, do Minist&eacute;rio da Integra&ccedil;&atilde;o Nacional. Aproximadamente 45% dos 170 munic&iacute;pios em Situa&ccedil;&atilde;o de Emerg&ecirc;ncia j&aacute; encaminharam suas documenta&ccedil;&otilde;es.<\/p>\n<p>\nDentre os documentos exigidos as prefeituras, est&atilde;o: Avalia&ccedil;&atilde;o dos Danos &#8211; <em>AVADAN, Notifica&ccedil;&atilde;o Preliminar de Desastre<\/em> &#8211; NOPRED, certid&atilde;o da climatologia local, danos sociais, ambientais e preju&iacute;zos econ&ocirc;micos al&eacute;m de document&aacute;rio fotogr&aacute;fico e decreto municipal de Situa&ccedil;&atilde;o de Emerg&ecirc;ncia.<\/p>\n<p><span style=\"color: rgb(0, 0, 255);\"><strong><span style=\"font-size: medium;\"><span style=\"font-family: Arial;\">Comit&ecirc; de Combate &agrave; Seca<\/span><\/span><\/strong><\/span><br \/>\nDurante a segunda reuni&atilde;o do Comit&ecirc; de Combate &agrave; Seca, na manh&atilde; desta sexta-feira(<span style=\"font-family: Arial;\">11Maio2012<\/span>), na Secretaria de Estado de Infraestrutura, os representantes discutiram acerca da necessidade imediata de atender a popula&ccedil;&atilde;o paraibana que j&aacute; se encontra em Situa&ccedil;&atilde;o de Emerg&ecirc;ncia e sofre com a falta de &aacute;gua e com a perda da agricultura e pecu&aacute;ria.<\/p>\n<p>\nNa reuni&atilde;o, coordenada pelo secret&aacute;rio de Infraestrutura e presidente da Defesa Civil Estadual e do Comit&ecirc; de Combate &agrave; Seca, Efraim Moraes, estavam presentes representantes da Defesa Civil Nacional &#8211; <em>MI, da Defesa Civil Estadual, da AESA, do Minist&eacute;rio do Desenvolvimento Agr&iacute;c<\/em>ola &ndash; MDA e da Federa&ccedil;&atilde;o da Agricultura e Pecu&aacute;ria da Para&iacute;ba &#8211; Faepa, entre outros.<\/p>\n<p>\nO papel do Comit&ecirc; Integrado de Combate &agrave; Seca na Regi&atilde;o do Semi&aacute;rido Brasileiro &eacute; articular, coordenar e acompanhar as a&ccedil;&otilde;es de enfrentamento da seca. Ap&oacute;s uma semana dedicada a reuni&otilde;es com entidades envolvidas e ao reconhecimento de &aacute;reas afetadas pela estiagem, integrantes do Comit&ecirc; alertam para as a&ccedil;&otilde;es imediatas.<\/p>\n<p>\nA ativa&ccedil;&atilde;o de po&ccedil;os, manuten&ccedil;&atilde;o e recupera&ccedil;&atilde;o de dessalinizadores, manuten&ccedil;&atilde;o das cisternas atendidas pela Opera&ccedil;&atilde;o Carro Pipa &#8211; OCP, distribui&ccedil;&atilde;o de cestas b&aacute;sicas e, entre outras a&ccedil;&otilde;es, o apressamento da documenta&ccedil;&atilde;o dos munic&iacute;pios em Situa&ccedil;&atilde;o de Emerg&ecirc;ncia &agrave; Secretaria Nacional de Defesa Civil &#8211; MI, foram t&oacute;picos discutidos e colocados como prioridade.<\/span><\/span><\/p>\n","protected":false},"excerpt":{"rendered":"<p>Tempo de leitura: 2 minutos Jo&atilde;o Pessoa(PB) &#8211; A Secretaria Nacional de Defesa Civil reconheceu a Situa&ccedil;&atilde;o de Emerg&ecirc;ncia nos [&hellip;]<\/p>\n","protected":false},"author":1,"featured_media":0,"comment_status":"open","ping_status":"","sticky":false,"template":"","format":"standard","meta":[],"categories":[21],"tags":[],"amp_enabled":true,"_links":{"self":[{"href":"https:\/\/obeabadosertao.com.br\/portal\/wp-json\/wp\/v2\/posts\/6354"}],"collection":[{"href":"https:\/\/obeabadosertao.com.br\/portal\/wp-json\/wp\/v2\/posts"}],"about":[{"href":"https:\/\/obeabadosertao.com.br\/portal\/wp-json\/wp\/v2\/types\/post"}],"author":[{"embeddable":true,"href":"https:\/\/obeabadosertao.com.br\/portal\/wp-json\/wp\/v2\/users\/1"}],"replies":[{"embeddable":true,"href":"https:\/\/obeabadosertao.com.br\/portal\/wp-json\/wp\/v2\/comments?post=6354"}],"version-history":[{"count":0,"href":"https:\/\/obeabadosertao.com.br\/portal\/wp-json\/wp\/v2\/posts\/6354\/revisions"}],"wp:attachment":[{"href":"https:\/\/obeabadosertao.com.br\/portal\/wp-json\/wp\/v2\/media?parent=6354"}],"wp:term":[{"taxonomy":"category","embeddable":true,"href":"https:\/\/obeabadosertao.com.br\/portal\/wp-json\/wp\/v2\/categories?post=6354"},{"taxonomy":"post_tag","embeddable":true,"href":"https:\/\/obeabadosertao.com.br\/portal\/wp-json\/wp\/v2\/tags?post=6354"}],"curies":[{"name":"wp","href":"https:\/\/api.w.org\/{rel}","templated":true}]}}