{"id":6381,"date":"2012-06-10T00:00:00","date_gmt":"2012-06-10T00:00:00","guid":{"rendered":""},"modified":"2012-06-10T00:00:00","modified_gmt":"2012-06-10T00:00:00","slug":"Governador-assina-ordem-de-servico-para-duplicacao-da-Avenida-Cruz-das-Armas","status":"publish","type":"post","link":"https:\/\/obeabadosertao.com.br\/portal\/2012\/06\/10\/Governador-assina-ordem-de-servico-para-duplicacao-da-Avenida-Cruz-das-Armas\/","title":{"rendered":"Governador assina ordem de servi\u00e7o para duplica\u00e7\u00e3o da Avenida Cruz das Armas"},"content":{"rendered":"<div id=\"tt-temp-estim\">Tempo de leitura: 1 minuto<\/div><p style=\"text-align: justify;\"><strong><span style=\"font-size: small;\"><span style=\"font-family: Verdana;\"><br \/>\nJo&atilde;o Pessoa(PB) &#8211;<\/span><\/span><\/strong><span style=\"font-size: small;\"><span style=\"font-family: Verdana;\"> O governador Ricardo Coutinho assina, neste s&aacute;bado(<span style=\"font-family: Arial;\">09Junho2012<\/span>), a ordem de servi&ccedil;o que  autoriza a duplica&ccedil;&atilde;o e requalifica&ccedil;&atilde;o da Avenida Cruz das Armas, em Jo&atilde;o Pessoa. A solenidade vai acontecer, &agrave;s 16h, no audit&oacute;rio do Unip&ecirc;, durante a reuni&atilde;o do Or&ccedil;amento Democr&aacute;tico da regi&atilde;o polarizada pela Capital.<\/p>\n<p>\nO trecho da Avenida Cruz das Armas a ser duplicado vai do cruzamento da Avenida Coronel Adolfo Massa ao Viaduto de Oitizeiro, com 1,5 km de extens&atilde;o, e recapeamento da Pra&ccedil;a Seme&atilde;o Leal(<span style=\"font-family: Arial;\">pr&oacute;ximo do Centro Administrativo<\/span>) at&eacute; a Avenida Coronel Adolfo Massa, com 2,5 km, totalizando 4 km.<\/p>\n<p>\nA Avenida Cruz das Armas vai ganhar duas pistas de 7 metros cada, canteiro central com 1 metro e cal&ccedil;adas laterais com 2,5 metros. A obra ser&aacute; iniciada no m&ecirc;s de junho e a conclus&atilde;o est&aacute; programada para dezembro deste ano.<\/p>\n<p>\nCom recursos pr&oacute;prios, o Governo do Estado vai investir na duplica&ccedil;&atilde;o R$ 5.596.346,90, al&eacute;m de aproximadamente R$3 milh&otilde;es destinados &agrave;s desapropria&ccedil;&otilde;es de im&oacute;veis que se encontram na faixa de dom&iacute;nio. A construtora PSO Ltda ser&aacute; a respons&aacute;vel pela execu&ccedil;&atilde;o das obras, tendo como &oacute;rg&atilde;os envolvidos o Departamento de Estradas de Rodagem(<span style=\"font-family: Arial;\">DER<\/span>) e a Secretaria de Infra-Estrutura do Estado.<\/p>\n<p>\nEst&atilde;o programados remanejamento de servi&ccedil;os p&uacute;blicos, terraplenagem, amplia&ccedil;&atilde;o do sistema de drenagem, pavimenta&ccedil;&atilde;o e recapeamento em concreto asf&aacute;ltico, cal&ccedil;adas laterais, sinaliza&ccedil;&atilde;o vertical e horizontal e ilumina&ccedil;&atilde;o ornamental.<\/p>\n<p>\nCom a duplica&ccedil;&atilde;o, que  visa modernizar e ampliar a infra-estrutura de Jo&atilde;o Pessoa, ser&atilde;o eliminados os congestionamentos de tr&aacute;fego na avenida; redu&ccedil;&atilde;o dos acidentes de tr&acirc;nsito e o tempo de viagem; melhoria da qualidade de vida da popula&ccedil;&atilde;o e maior conforto e seguran&ccedil;a para os usu&aacute;rios.<\/span><\/span><\/p>\n","protected":false},"excerpt":{"rendered":"<p>Tempo de leitura: 1 minuto Jo&atilde;o Pessoa(PB) &#8211; O governador Ricardo Coutinho assina, neste s&aacute;bado(09Junho2012), a ordem de servi&ccedil;o que [&hellip;]<\/p>\n","protected":false},"author":1,"featured_media":0,"comment_status":"open","ping_status":"","sticky":false,"template":"","format":"standard","meta":[],"categories":[21],"tags":[],"amp_enabled":true,"_links":{"self":[{"href":"https:\/\/obeabadosertao.com.br\/portal\/wp-json\/wp\/v2\/posts\/6381"}],"collection":[{"href":"https:\/\/obeabadosertao.com.br\/portal\/wp-json\/wp\/v2\/posts"}],"about":[{"href":"https:\/\/obeabadosertao.com.br\/portal\/wp-json\/wp\/v2\/types\/post"}],"author":[{"embeddable":true,"href":"https:\/\/obeabadosertao.com.br\/portal\/wp-json\/wp\/v2\/users\/1"}],"replies":[{"embeddable":true,"href":"https:\/\/obeabadosertao.com.br\/portal\/wp-json\/wp\/v2\/comments?post=6381"}],"version-history":[{"count":0,"href":"https:\/\/obeabadosertao.com.br\/portal\/wp-json\/wp\/v2\/posts\/6381\/revisions"}],"wp:attachment":[{"href":"https:\/\/obeabadosertao.com.br\/portal\/wp-json\/wp\/v2\/media?parent=6381"}],"wp:term":[{"taxonomy":"category","embeddable":true,"href":"https:\/\/obeabadosertao.com.br\/portal\/wp-json\/wp\/v2\/categories?post=6381"},{"taxonomy":"post_tag","embeddable":true,"href":"https:\/\/obeabadosertao.com.br\/portal\/wp-json\/wp\/v2\/tags?post=6381"}],"curies":[{"name":"wp","href":"https:\/\/api.w.org\/{rel}","templated":true}]}}