{"id":7201,"date":"2013-02-26T00:00:00","date_gmt":"2013-02-26T00:00:00","guid":{"rendered":""},"modified":"2013-02-26T00:00:00","modified_gmt":"2013-02-26T00:00:00","slug":"Ventos-fortes-provocam-prejuizos-no-municipio-de-Uirauna","status":"publish","type":"post","link":"https:\/\/obeabadosertao.com.br\/portal\/2013\/02\/26\/Ventos-fortes-provocam-prejuizos-no-municipio-de-Uirauna\/","title":{"rendered":"Ventos fortes provocam preju\u00edzos no munic\u00edpio de Uira\u00fana"},"content":{"rendered":"<div id=\"tt-temp-estim\">Tempo de leitura: 1 minuto<\/div><p style=\"text-align: justify\"><span style=\"font-size: small\"><span style=\"font-family: Verdana\"><br \/>\n<strong>Uira&uacute;na(PB) &#8211; <\/strong>As chuvas na regi&atilde;o entre a segunda-feira e o domingo vieram acompanhadas de muitos raios, trov&otilde;es, rel&acirc;mpagos e ventos fortes.<\/p>\n<p>\nNo munic&iacute;pio de Uira&uacute;na, os moradores da comunidade de S&atilde;o Jo&atilde;o da Serra, na zona rural tiveram um grande susto entre a noite desse s&aacute;bado e madrugada do domingo.<\/p>\n<p>\nUm forte vendaval, junto com nuvens de chuva arrancando &aacute;rvores e destruindo telhados de resid&ecirc;ncias. Muitas telhas e calhas de bicas foram levadas pela ventania que acabou tamb&eacute;m levando a chuva embora.<\/p>\n<p>\nApesar do susto, a comunidade est&aacute; feliz j&aacute; que na madrugada do s&aacute;bado uma grande chuva de 120 mil&iacute;metros caiu em S&atilde;o Jo&atilde;o da Serra, acumulando &aacute;gua para os moradores que sofriam h&aacute; meses com a seca.<\/p>\n<p>\nO prefeito municipal Jo&atilde;o Bosco Nonato Fernandes, j&aacute; no in&iacute;cio da manh&atilde; do domingo se deslocou com uma equipe de assessores at&eacute; a comunidade atingida e realizou visita em todas as casas danificadas pelo fen&ocirc;meno meteorol&oacute;gico. Ningu&eacute;m ficou ferido, mas houve preju&iacute;zos materiais.<\/p>\n<p>\nBosco Fernandes manifestou apoio aos atingidos e de pronto determinou que fosse enviado todo o material necess&aacute;rio para a recupera&ccedil;&atilde;o das casas danificadas.<\/p>\n<p>\nO prefeito esteve acompanhado pelo seu irm&atilde;o, Paulo Sanderson Fernandes, pelo secret&aacute;rio de Infraestrutura, Francisco Queiroz, e o assessor de comunica&ccedil;&atilde;o Itamar Freitas(<span style=\"font-family: Arial\">Carneirinho<\/span>).<\/p>\n<p><span style=\"font-family: Arial\"><span style=\"font-size: xx-small\"><strong><font color=\"#0000ff\">* Coluna transcrita do <font color=\"#ff0000\">Jornal Gazeta do Alto Piranhas<\/font><font color=\"#0000ff\">(Edi&ccedil;&atilde;o 742). O jornal de maior circula&ccedil;&atilde;o na regi&atilde;o do Alto Sert&atilde;o da Para&iacute;ba.<\/font><\/font><\/strong><\/span><\/span><\/span><\/span><\/p>\n","protected":false},"excerpt":{"rendered":"<p>Tempo de leitura: 1 minuto Uira&uacute;na(PB) &#8211; As chuvas na regi&atilde;o entre a segunda-feira e o domingo vieram acompanhadas de [&hellip;]<\/p>\n","protected":false},"author":1,"featured_media":0,"comment_status":"open","ping_status":"","sticky":false,"template":"","format":"standard","meta":[],"categories":[21],"tags":[],"amp_enabled":true,"_links":{"self":[{"href":"https:\/\/obeabadosertao.com.br\/portal\/wp-json\/wp\/v2\/posts\/7201"}],"collection":[{"href":"https:\/\/obeabadosertao.com.br\/portal\/wp-json\/wp\/v2\/posts"}],"about":[{"href":"https:\/\/obeabadosertao.com.br\/portal\/wp-json\/wp\/v2\/types\/post"}],"author":[{"embeddable":true,"href":"https:\/\/obeabadosertao.com.br\/portal\/wp-json\/wp\/v2\/users\/1"}],"replies":[{"embeddable":true,"href":"https:\/\/obeabadosertao.com.br\/portal\/wp-json\/wp\/v2\/comments?post=7201"}],"version-history":[{"count":0,"href":"https:\/\/obeabadosertao.com.br\/portal\/wp-json\/wp\/v2\/posts\/7201\/revisions"}],"wp:attachment":[{"href":"https:\/\/obeabadosertao.com.br\/portal\/wp-json\/wp\/v2\/media?parent=7201"}],"wp:term":[{"taxonomy":"category","embeddable":true,"href":"https:\/\/obeabadosertao.com.br\/portal\/wp-json\/wp\/v2\/categories?post=7201"},{"taxonomy":"post_tag","embeddable":true,"href":"https:\/\/obeabadosertao.com.br\/portal\/wp-json\/wp\/v2\/tags?post=7201"}],"curies":[{"name":"wp","href":"https:\/\/api.w.org\/{rel}","templated":true}]}}