{"id":7443,"date":"2013-04-25T00:00:00","date_gmt":"2013-04-25T00:00:00","guid":{"rendered":""},"modified":"2013-04-25T00:00:00","modified_gmt":"2013-04-25T00:00:00","slug":"Sousa-tera-centro-cultural-projetado-por-Niemeyer","status":"publish","type":"post","link":"https:\/\/obeabadosertao.com.br\/portal\/2013\/04\/25\/Sousa-tera-centro-cultural-projetado-por-Niemeyer\/","title":{"rendered":"Sousa ter\u00e1 centro cultural projetado por Niemeyer"},"content":{"rendered":"<div id=\"tt-temp-estim\">Tempo de leitura: 2 minutos<\/div><p style=\"text-align: justify\"><span style=\"font-size: small\"><span style=\"font-family: Verdana\"><br \/>\n<strong>Bras&iacute;lia(DF) &#8211;<\/strong> O munic&iacute;pio de Sousa ser&aacute; um das poucas cidades em todo o mundo a receber postumamente um projeto assinado pelo maior arquiteto da Hist&oacute;ria do Brasil. Na ter&ccedil;a-feira(<span style=\"font-family: Arial\">23Abril2013<\/span>), quatro meses ap&oacute;s a morte de Oscar Niemeyer, o prefeito de Sousa, Andr&eacute; Gadelha, recebeu os esbo&ccedil;os de um centro cultural projetado pelo renomado arquiteto.<\/p>\n<p><img fetchpriority=\"high\" decoding=\"async\" alt=\"Andr&eacute; Gedalha e Mabel Mariz\" align=\"absMiddle\" width=\"465\" height=\"311\" src=\"\/UserFiles\/Image\/cultura\/andre_gadelha_mabel_mariz_23abril2013_brasilia_465.jpg\" \/><\/p>\n<p>&ldquo;<em>&Eacute; um maravilhoso presente oferecido &agrave; cidade pela primeira-dama Mabel Mariz<\/em>&rdquo;, disse Andr&eacute; Gadelha<strong>(<span style=\"color: #ff0000\"><span style=\"font-family: Arial\">Foto acima<\/span><\/span>)<\/strong> ao receber os desenhos originais, em Bras&iacute;lia, das m&atilde;os da vi&uacute;va do governador Antonio Mariz, que morreu durante seu mandato, em 1995.<\/p>\n<p><img decoding=\"async\" alt=\"Leonardo Gadelha\" align=\"absMiddle\" src=\"http:\/\/www.obeabadosertao.com.br\/UserFiles\/Image\/politicos\/leonardo_gadelha_465.JPG\" \/><\/p>\n<p>Para o deputado federal<strong>(<span style=\"color: #ff0000\"><span style=\"font-family: Arial\">Foto acima<\/span><\/span>)<\/strong> Leonardo Gadelha(<span style=\"font-family: Arial\">PSC-PB<\/span>), o centro cultural vai integrar o novo roteiro tur&iacute;stico da regi&atilde;o, que inclui o Parque do Vale dos Dinossauros e o Memorial do Couro, com acervo dedicado ao modo de vida no Sert&atilde;o e instala&ccedil;&otilde;es em homenagem ao escritor Ariano Suassuna e suas obras liter&aacute;rias. &ldquo;<em>Desde j&aacute; iremos buscar recursos para viabilizar a constru&ccedil;&atilde;o deste novo centro cultural, que beneficia tanto a arte quanto o desenvolvimento do turismo<\/em>&rdquo;, afirmou o deputado.<\/p>\n<p><img decoding=\"async\" align=\"absMiddle\" alt=\"\" src=\"http:\/\/www.obeabadosertao.com.br\/UserFiles\/Image\/celebridades\/obituario\/oscar_ribeiro_de_almeida_de_niemeyer_soares_465c.jpg\" \/><\/p>\n<p>O esbo&ccedil;o foi feito por Niemeyer<strong>(<span style=\"color: #ff0000\"><span style=\"font-family: Arial\">Foto acima<\/span><\/span>)<\/strong>&nbsp;tamb&eacute;m em 1995, a pedido do ent&atilde;o governador Mariz, que desejava construir em Sousa um centro que valorizasse a cultura e a educa&ccedil;&atilde;o na Para&iacute;ba, al&eacute;m de atrair visitantes de diferentes regi&otilde;es do Brasil. Com a morte de Mariz, os originais permaneceram com sua esposa, Mabel. &ldquo;Fi<em>co extremamente agradecido por ela presentear Sousa durante a minha administra&ccedil;&atilde;o<\/em>&rdquo;, afirmou Andr&eacute; Gadelha. &ldquo;<em>N&atilde;o mediremos esfor&ccedil;os para realizar esse grande sonho<\/em>&rdquo;.<\/p>\n<p>\nO secret&aacute;rio municipal de Educa&ccedil;&atilde;o, Marconi Queiroga, afirmou que j&aacute; est&atilde;o sendo pesquisados terrenos dispon&iacute;veis na cidade para a constru&ccedil;&atilde;o do centro cultural. &ldquo;<em>Desde j&aacute;, &eacute; uma das prioridades da Secretaria<\/em>&rdquo;, disse Queiroga. Os desenhos de Niemeyer ser&atilde;o submetidos a um arquiteto que desenvolver&aacute; o projeto final.<\/p>\n<p>\nDurante a entrega do projeto de Niemeyer ao prefeito de Sousa, em Bras&iacute;lia, o presidente estadual do Partido Social Crist&atilde;o, Marcondes Gadelha<strong>(<span style=\"color: #ff0000\"><span style=\"font-family: Arial\">Foto abaixo<\/span><\/span>)<\/strong>, representava o deputado Federal Leonardo Gadelha, que estava em Sousa participando da cerim&ocirc;nia de entrega do t&iacute;tulo de cidad&atilde;o sousense a Ariano Suassuna.<\/p>\n<p><img decoding=\"async\" alt=\"Marcondes Gadelha\" align=\"absMiddle\" src=\"http:\/\/www.obeabadosertao.com.br\/UserFiles\/Image\/politicos\/marcondes_gadelha_465.JPG\" \/><\/p>\n<p>&ldquo;<em>Esse projeto re&uacute;ne dois grandes nomes do cen&aacute;rio nacional: Oscar Niemeyer e Antonio Mariz<\/em>&rdquo;, afirmou Marcondes Gadelha. &ldquo;<em>&Eacute; uma preciosidade, uma verdadeira rel&iacute;quia, e devemos nossos agradecimentos &agrave; sensibilidade de Mabel Mariz por resgatar um projeto t&atilde;o importante para a cidade de Sousa<\/em>&rdquo;, pontuou.<\/span><\/span><\/p>\n<p style=\"text-align: justify\"><span style=\"font-size: small\"><span style=\"font-family: Verdana\"><br \/>\n<\/span><\/span><span style=\"color: #ff0000\"><span style=\"font-size: xx-small\"><span style=\"font-family: Arial\"><em><strong>* Com Jo&atilde;o F&aacute;bio Soares\/Rep&oacute;rter.<\/strong><\/em><\/span><\/span><\/span><\/p>\n","protected":false},"excerpt":{"rendered":"<p>Em Bras\u00edlia(DF): Prefeito de Sousa Andr\u00e9 Gadelha recebeu os desenhos originais de Mabel Mariz, vi\u00fava do governador Antonio Mariz.<\/p>\n","protected":false},"author":1,"featured_media":0,"comment_status":"open","ping_status":"","sticky":false,"template":"","format":"standard","meta":[],"categories":[21],"tags":[],"amp_enabled":true,"_links":{"self":[{"href":"https:\/\/obeabadosertao.com.br\/portal\/wp-json\/wp\/v2\/posts\/7443"}],"collection":[{"href":"https:\/\/obeabadosertao.com.br\/portal\/wp-json\/wp\/v2\/posts"}],"about":[{"href":"https:\/\/obeabadosertao.com.br\/portal\/wp-json\/wp\/v2\/types\/post"}],"author":[{"embeddable":true,"href":"https:\/\/obeabadosertao.com.br\/portal\/wp-json\/wp\/v2\/users\/1"}],"replies":[{"embeddable":true,"href":"https:\/\/obeabadosertao.com.br\/portal\/wp-json\/wp\/v2\/comments?post=7443"}],"version-history":[{"count":0,"href":"https:\/\/obeabadosertao.com.br\/portal\/wp-json\/wp\/v2\/posts\/7443\/revisions"}],"wp:attachment":[{"href":"https:\/\/obeabadosertao.com.br\/portal\/wp-json\/wp\/v2\/media?parent=7443"}],"wp:term":[{"taxonomy":"category","embeddable":true,"href":"https:\/\/obeabadosertao.com.br\/portal\/wp-json\/wp\/v2\/categories?post=7443"},{"taxonomy":"post_tag","embeddable":true,"href":"https:\/\/obeabadosertao.com.br\/portal\/wp-json\/wp\/v2\/tags?post=7443"}],"curies":[{"name":"wp","href":"https:\/\/api.w.org\/{rel}","templated":true}]}}