{"id":7537,"date":"2013-05-28T00:00:00","date_gmt":"2013-05-28T00:00:00","guid":{"rendered":""},"modified":"2013-05-28T00:00:00","modified_gmt":"2013-05-28T00:00:00","slug":"Aesa-preve-chuvas-dentro-da-media-e-temperaturas-mais-baixas-no-proximo-trimestre","status":"publish","type":"post","link":"https:\/\/obeabadosertao.com.br\/portal\/2013\/05\/28\/Aesa-preve-chuvas-dentro-da-media-e-temperaturas-mais-baixas-no-proximo-trimestre\/","title":{"rendered":"Aesa prev\u00ea chuvas dentro da m\u00e9dia e temperaturas mais baixas no pr\u00f3ximo trimestre"},"content":{"rendered":"<div id=\"tt-temp-estim\">Tempo de leitura: 1 minuto<\/div><p style=\"text-align: justify\"><span style=\"font-size: small\"><span style=\"font-family: Verdana\"><br \/>\n<strong>Jo&atilde;o Pessoa(PB) &#8211; <\/strong>A Ag&ecirc;ncia Executiva de Gest&atilde;o das &Aacute;guas do Estado da Para&iacute;ba(<span style=\"font-family: Arial\">Aesa<\/span>) divulgou, nesta ter&ccedil;a-feira(<span style=\"font-family: Arial\">28Maio2013<\/span>), a previs&atilde;o do tempo para o pr&oacute;ximo trimestre: a expectativa dos meteorologistas &eacute; de que as chuvas fiquem dentro da m&eacute;dia e as temperaturas comecem a baixar a partir da pr&oacute;xima semana. Em agosto, os term&ocirc;metros devem chegar aos 15C&ordm; em munic&iacute;pios do Cariri e Brejo paraibano.<\/p>\n<p>\n&ldquo;<em>Devemos ter uma diminui&ccedil;&atilde;o gradual da temperatura a partir de junho at&eacute; o final do trimestre, quando teremos as temperaturas mais baixas. Cidades como Monteiro e Areia, a exemplo de anos anteriores, devem continuar registrando dias bem frios. Campina Grande tamb&eacute;m pode esfriar bastante, chegando aos 16C&ordm;<\/em>&rdquo;, informou a meteorologista Marte Bandeira.<\/p>\n<p>\nOficialmente, o inverno vai come&ccedil;ar &agrave;s 02h40m do dia 21 de junho, mas isto n&atilde;o significa que a temporada de chuvas em todo Estado tamb&eacute;m inicie no final do pr&oacute;ximo m&ecirc;s. &ldquo;<em>&Eacute; importante destacar que o inverno oficial n&atilde;o representa altos &iacute;ndices pluviom&eacute;tricos em todas as regi&otilde;es da Para&iacute;ba. Muita gente ainda confunde inverno com chuva. No Alto Sert&atilde;o, Sert&atilde;o, Cariri e Curimata&uacute; acontece exatamente o inverso: as precipita&ccedil;&otilde;es v&atilde;o diminuindo gradualmente<\/em>&rdquo;, explicou Marle.<\/p>\n<p>\nJ&aacute; no Agreste, Brejo e Litoral, as chuvas se intensificam de maio a julho. E a expectativa para este ano &eacute; de que os n&uacute;meros fiquem dentro da m&eacute;dia. Este m&ecirc;s, por exemplo, as cidades com maiores &iacute;ndices pluviom&eacute;tricos at&eacute; a manh&atilde; desta ter&ccedil;a-feira(<span style=\"font-family: Arial\">28Maio2013<\/span>) eram Rio Tinto e Ba&iacute;a da Trai&ccedil;&atilde;o, com 246 e 235 mil&iacute;metros, respectivamente.<\/p>\n<p>\nOutras informa&ccedil;&otilde;es sobre previs&atilde;o do tempo e quantidade de chuva est&atilde;o dispon&iacute;veis no site da Aesa(<span style=\"font-family: Arial\"><a href=\"http:\/\/www.aesa.pb.gov.br\">www.aesa.pb.gov.br<\/a><\/span>). Diariamente s&atilde;o divulgados dois boletins com a previs&atilde;o meteorol&oacute;gica para as pr&oacute;ximas 12 horas.<\/span><\/span><\/p>\n","protected":false},"excerpt":{"rendered":"<p>Tempo de leitura: 1 minuto Jo&atilde;o Pessoa(PB) &#8211; A Ag&ecirc;ncia Executiva de Gest&atilde;o das &Aacute;guas do Estado da Para&iacute;ba(Aesa) divulgou, [&hellip;]<\/p>\n","protected":false},"author":1,"featured_media":0,"comment_status":"open","ping_status":"","sticky":false,"template":"","format":"standard","meta":[],"categories":[21],"tags":[],"amp_enabled":true,"_links":{"self":[{"href":"https:\/\/obeabadosertao.com.br\/portal\/wp-json\/wp\/v2\/posts\/7537"}],"collection":[{"href":"https:\/\/obeabadosertao.com.br\/portal\/wp-json\/wp\/v2\/posts"}],"about":[{"href":"https:\/\/obeabadosertao.com.br\/portal\/wp-json\/wp\/v2\/types\/post"}],"author":[{"embeddable":true,"href":"https:\/\/obeabadosertao.com.br\/portal\/wp-json\/wp\/v2\/users\/1"}],"replies":[{"embeddable":true,"href":"https:\/\/obeabadosertao.com.br\/portal\/wp-json\/wp\/v2\/comments?post=7537"}],"version-history":[{"count":0,"href":"https:\/\/obeabadosertao.com.br\/portal\/wp-json\/wp\/v2\/posts\/7537\/revisions"}],"wp:attachment":[{"href":"https:\/\/obeabadosertao.com.br\/portal\/wp-json\/wp\/v2\/media?parent=7537"}],"wp:term":[{"taxonomy":"category","embeddable":true,"href":"https:\/\/obeabadosertao.com.br\/portal\/wp-json\/wp\/v2\/categories?post=7537"},{"taxonomy":"post_tag","embeddable":true,"href":"https:\/\/obeabadosertao.com.br\/portal\/wp-json\/wp\/v2\/tags?post=7537"}],"curies":[{"name":"wp","href":"https:\/\/api.w.org\/{rel}","templated":true}]}}