{"id":7547,"date":"2013-06-03T00:00:00","date_gmt":"2013-06-03T00:00:00","guid":{"rendered":""},"modified":"2013-06-03T00:00:00","modified_gmt":"2013-06-03T00:00:00","slug":"Medida-preve-reforma-e-ampliacao-de-aeroportos-e-aerodromos-na-Paraiba","status":"publish","type":"post","link":"https:\/\/obeabadosertao.com.br\/portal\/2013\/06\/03\/Medida-preve-reforma-e-ampliacao-de-aeroportos-e-aerodromos-na-Paraiba\/","title":{"rendered":"Medida prev\u00ea reforma e amplia\u00e7\u00e3o de aeroportos e aer\u00f3dromos na Para\u00edba"},"content":{"rendered":"<div id=\"tt-temp-estim\">Tempo de leitura: 1 minuto<\/div><p style=\"text-align: justify\"><span style=\"font-size: small\"><span style=\"font-family: Verdana\"><br \/>\n<strong>Bras&iacute;lia(DF) &#8211;<\/strong> Os aeroportos e aer&oacute;dromos da Para&iacute;ba ser&atilde;o reformados e ampliados. Em publica&ccedil;&atilde;o no Di&aacute;rio Oficial da Uni&atilde;o, o Decreto 8.022, nesta segunda-feira(<span style=\"font-family: Arial\">03Junho2013<\/span>), prev&ecirc; que as a&ccedil;&otilde;es do Programa de Acelera&ccedil;&atilde;o do Crescimento(<span style=\"font-family: Arial\">PAC<\/span>) ser&atilde;o executadas por meio de transfer&ecirc;ncia obrigat&oacute;ria de recursos.<\/p>\n<p>\nEntre as a&ccedil;&otilde;es citadas no decreto, est&atilde;o as de apoio ao planejamento e execu&ccedil;&atilde;o de obras de conten&ccedil;&atilde;o de encostas em &aacute;reas urbanas em Niter&oacute;i(<span style=\"font-family: Arial\">RJ<\/span>) e apoio a implanta&ccedil;&atilde;o, amplia&ccedil;&atilde;o ou melhorias em sistemas de abastecimento de &aacute;gua no Acre, na Para&iacute;ba e no Cear&aacute;.<\/p>\n<p>\nO decreto cita ainda a&ccedil;&otilde;es para a amplia&ccedil;&atilde;o ou melhorias de sistemas de esgotamento sanit&aacute;rio em Sergipe e no Cear&aacute;, al&eacute;m da duplica&ccedil;&atilde;o do trecho entre as cidades de Governador Valadares e Belo Horizonte(<span style=\"font-family: Arial\">BR-381\/MG<\/span>).<\/p>\n<p>\nOutras medidas s&atilde;o de reforma e amplia&ccedil;&atilde;o de aeroportos e aer&oacute;dromos de interesse estadual nos seguintes estados: Bahia, Cear&aacute;, Esp&iacute;rito Santo, Goi&aacute;s, Minas Gerais, Mato Grosso, Mato Grosso do Sul, Pernambuco, Paran&aacute;, Rio de Janeiro, Rond&ocirc;nia, Rio Grande do Sul, Santa Catarina, S&atilde;o Paulo e Tocantins.<\/p>\n<p>\nNo dia 22 de maio, o governo anunciou um bloqueio de gastos de R$ 28 bilh&otilde;es no Or&ccedil;amento de 2013. O valor foi anunciado pelos ministros da Fazenda, Guido Mantega, e do Planejamento, Or&ccedil;amento e Gest&atilde;o, Miriam Belchior.<\/p>\n<p>\nO contingenciamento tem o objetivo ajudar o governo a cumprir a meta de super&aacute;vit prim&aacute;rio(<span style=\"font-family: Arial\">economia para pagar juros da d&iacute;vida p&uacute;blica<\/span>) deste ano, prevista em R$ 155,9 bilh&otilde;es. Do valor, o governo poder&aacute; abater R$ 45,2 bilh&otilde;es em investimentos previstos no Programa de Acelera&ccedil;&atilde;o do Crescimento(<span style=\"font-family: Arial\">PAC<\/span>).<\/span><\/span><\/p>\n","protected":false},"excerpt":{"rendered":"<p>Tempo de leitura: 1 minuto Bras&iacute;lia(DF) &#8211; Os aeroportos e aer&oacute;dromos da Para&iacute;ba ser&atilde;o reformados e ampliados. Em publica&ccedil;&atilde;o no [&hellip;]<\/p>\n","protected":false},"author":1,"featured_media":0,"comment_status":"open","ping_status":"","sticky":false,"template":"","format":"standard","meta":[],"categories":[21],"tags":[],"amp_enabled":true,"_links":{"self":[{"href":"https:\/\/obeabadosertao.com.br\/portal\/wp-json\/wp\/v2\/posts\/7547"}],"collection":[{"href":"https:\/\/obeabadosertao.com.br\/portal\/wp-json\/wp\/v2\/posts"}],"about":[{"href":"https:\/\/obeabadosertao.com.br\/portal\/wp-json\/wp\/v2\/types\/post"}],"author":[{"embeddable":true,"href":"https:\/\/obeabadosertao.com.br\/portal\/wp-json\/wp\/v2\/users\/1"}],"replies":[{"embeddable":true,"href":"https:\/\/obeabadosertao.com.br\/portal\/wp-json\/wp\/v2\/comments?post=7547"}],"version-history":[{"count":0,"href":"https:\/\/obeabadosertao.com.br\/portal\/wp-json\/wp\/v2\/posts\/7547\/revisions"}],"wp:attachment":[{"href":"https:\/\/obeabadosertao.com.br\/portal\/wp-json\/wp\/v2\/media?parent=7547"}],"wp:term":[{"taxonomy":"category","embeddable":true,"href":"https:\/\/obeabadosertao.com.br\/portal\/wp-json\/wp\/v2\/categories?post=7547"},{"taxonomy":"post_tag","embeddable":true,"href":"https:\/\/obeabadosertao.com.br\/portal\/wp-json\/wp\/v2\/tags?post=7547"}],"curies":[{"name":"wp","href":"https:\/\/api.w.org\/{rel}","templated":true}]}}