{"id":8105,"date":"2014-11-26T00:00:00","date_gmt":"2014-11-26T00:00:00","guid":{"rendered":""},"modified":"2014-11-26T00:00:00","modified_gmt":"2014-11-26T00:00:00","slug":"Fetech-credencia-Campina-Grande-como-expositora-de-inovacoes-tecnologicas","status":"publish","type":"post","link":"https:\/\/obeabadosertao.com.br\/portal\/2014\/11\/26\/Fetech-credencia-Campina-Grande-como-expositora-de-inovacoes-tecnologicas\/","title":{"rendered":"Fetech credencia Campina Grande como expositora de inova\u00e7\u00f5es tecnol\u00f3gicas"},"content":{"rendered":"<div id=\"tt-temp-estim\">Tempo de leitura: 2 minutos<\/div><p style=\"text-align: justify\"><span style=\"font-size: small\"><span style=\"font-family: Verdana\"><br \/>\nA secret&aacute;ria executiva da Ci&ecirc;ncia e Tecnologia do Estado, Francilene Proc&oacute;pio, avaliou como positiva a retomada da Feira de Tecnologia de Campina Grande&nbsp;&#8211; 12&ordf; Fetech, realizada entre os dias 20 e 23 deste m&ecirc;s, no Spazzio. &ldquo;<em>Acreditamos que a Fetech veio para continuar e ficar. &Eacute; um marco da cidade e ela deve permanecer<\/em>&quot;, estimou a secret&aacute;ria.<\/p>\n<p>\nDurante a Fetech, o p&uacute;blico pode conferir solu&ccedil;&otilde;es tecnol&oacute;gicas e inovadoras com um olhar reflexivo voltado para os desafios do s&eacute;culo XXI. De acordo com Francilene Garcia, que tamb&eacute;m &eacute; diretora geral do PaqTcPB, a marca principal deixada com a realiza&ccedil;&atilde;o da Feira foi a satisfa&ccedil;&atilde;o dos campinenses com o seu retorno. &ldquo;<em>Esta satisfa&ccedil;&atilde;o n&atilde;o s&oacute; expressa na conduta dos expositores, das institui&ccedil;&otilde;es acad&ecirc;micas, das empresas, das ag&ecirc;ncias de fomento, mas, sobretudo, do p&uacute;blico que a visitou<\/em>&rdquo; enfatizou.<\/p>\n<p>\nFrancilene explicou que a d&eacute;cima segunda edi&ccedil;&atilde;o do evento n&atilde;o s&oacute; veio num momento de celebra&ccedil;&atilde;o dos 30 anos da Funda&ccedil;&atilde;o PaqTcPB, mas tamb&eacute;m, ap&oacute;s 16 anos, apresentar a sociedade o que foi realizado ao longo dessa &uacute;ltima d&eacute;cada e meia. &ldquo;<em>Mostramos quais as tecnologias onde n&oacute;s avan&ccedil;amos na &aacute;rea de sa&uacute;de, na agroind&uacute;stria, as tecnologias da informa&ccedil;&atilde;o aplicadas a v&aacute;rios setores, incluindo projetos que t&ecirc;m um impacto em n&iacute;vel de desenvolvimento social importante nessa regi&atilde;o do semi&aacute;rido do nosso Estado dentre outras a&ccedil;&otilde;es que s&atilde;o extremamente robustas e pujantes e que mereciam serem apresentadas &agrave; sociedade<\/em>&rdquo; pontuou.<\/p>\n<p><img decoding=\"async\" alt=\"\" align=\"absMiddle\" src=\"http:\/\/www.obeabadosertao.com.br\/UserFiles\/Image\/cidades\/campina_grande_pb_aerea_465a.jpg\" \/><\/p>\n<p>Para os expositores, o evento ofereceu um espa&ccedil;o fundamental de celebra&ccedil;&atilde;o de iniciativas colaborativas onde existem projetos comuns sendo desenvolvidos entre empresas e centros de Pesquisa &amp; Desenvolvimento &ndash; P&amp;D. &ldquo;<em>Essa parceria &eacute; fundamental para que os projetos, em 2015, possam se desenvolver de forma mais r&aacute;pida e trazer produtos alargando a fronteira econ&ocirc;mica de nosso Estado<\/em>&rdquo;, ressaltou a secret&aacute;ria.<\/p>\n<p>\nSobre a possibilidade de realiza&ccedil;&atilde;o da 13&ordf; edi&ccedil;&atilde;o, ser&aacute; feita uma avalia&ccedil;&atilde;o sobre a nova roupagem apresentada. &ldquo;<em>N&oacute;s fizemos uma pesquisa de opini&atilde;o com o p&uacute;blico e com os expositores, estaremos nos pr&oacute;ximos dias avaliando o retorno que foi dado pela popula&ccedil;&atilde;o para que a gente possa, inclusive, identificar qual &eacute; o melhor modelo de continuidade da Fetech<\/em>&rdquo;, concluiu.<\/span><\/span><\/p>\n","protected":false},"excerpt":{"rendered":"<p>Tempo de leitura: 2 minutos A secret&aacute;ria executiva da Ci&ecirc;ncia e Tecnologia do Estado, Francilene Proc&oacute;pio, avaliou como positiva a [&hellip;]<\/p>\n","protected":false},"author":1,"featured_media":0,"comment_status":"open","ping_status":"","sticky":false,"template":"","format":"standard","meta":[],"categories":[21],"tags":[],"amp_enabled":true,"_links":{"self":[{"href":"https:\/\/obeabadosertao.com.br\/portal\/wp-json\/wp\/v2\/posts\/8105"}],"collection":[{"href":"https:\/\/obeabadosertao.com.br\/portal\/wp-json\/wp\/v2\/posts"}],"about":[{"href":"https:\/\/obeabadosertao.com.br\/portal\/wp-json\/wp\/v2\/types\/post"}],"author":[{"embeddable":true,"href":"https:\/\/obeabadosertao.com.br\/portal\/wp-json\/wp\/v2\/users\/1"}],"replies":[{"embeddable":true,"href":"https:\/\/obeabadosertao.com.br\/portal\/wp-json\/wp\/v2\/comments?post=8105"}],"version-history":[{"count":0,"href":"https:\/\/obeabadosertao.com.br\/portal\/wp-json\/wp\/v2\/posts\/8105\/revisions"}],"wp:attachment":[{"href":"https:\/\/obeabadosertao.com.br\/portal\/wp-json\/wp\/v2\/media?parent=8105"}],"wp:term":[{"taxonomy":"category","embeddable":true,"href":"https:\/\/obeabadosertao.com.br\/portal\/wp-json\/wp\/v2\/categories?post=8105"},{"taxonomy":"post_tag","embeddable":true,"href":"https:\/\/obeabadosertao.com.br\/portal\/wp-json\/wp\/v2\/tags?post=8105"}],"curies":[{"name":"wp","href":"https:\/\/api.w.org\/{rel}","templated":true}]}}