{"id":8934,"date":"2020-07-13T00:00:00","date_gmt":"2020-07-13T00:00:00","guid":{"rendered":""},"modified":"2020-07-25T01:09:21","modified_gmt":"2020-07-25T01:09:21","slug":"jose-aldo-e-nocauteado-por-russo","status":"publish","type":"post","link":"https:\/\/obeabadosertao.com.br\/portal\/2020\/07\/13\/jose-aldo-e-nocauteado-por-russo\/","title":{"rendered":"Jos\u00e9 Aldo \u00e9 nocauteado por russo"},"content":{"rendered":"<div id=\"tt-temp-estim\">Tempo de leitura: 2 minutos<\/div><p style=\"text-align: justify;\"><span style=\"font-size: small;\"><span style=\"font-family: Verdana;\">Na luta q<\/span><\/span><span style=\"font-family: Verdana; font-size: small;\">ue valia o cintur\u00e3o peso-galo do Ultimate Fighting Championship(<\/span><span style=\"font-size: small; font-family: Arial;\">UFC<\/span><span style=\"font-family: Verdana; font-size: small;\">), o manauara Jos\u00e9 Aldo J\u00fanior acabou derrotado por nocaute t\u00e9cnico pelo russo Petr Yan, que se sagrou novo campe\u00e3o da categoria em luta promovida, na noite deste s\u00e1bado(<\/span><span style=\"font-size: small; font-family: Arial;\">11Julho2020<\/span><span style=\"font-family: Verdana; font-size: small;\">), em Abu Dhabi, pelo UFC-251.<\/span><\/p>\n<p><span style=\"font-size: small;\"><span style=\"font-family: Verdana;\">O russo dominou o combate. Estudou o advers\u00e1rio no primeiro round, perdeu o segundo, acelerou no terceiro e quarto roundes, e no quinto, surpreendeu do in\u00edcio ao fim.<br \/>\n<img fetchpriority=\"high\" decoding=\"async\" src=\"\/UserFiles\/Image\/esportes\/atletas\/jose_aldo_da_silva_oliveira_jr_petr_evgenyevich_yan_465a.jpg\" width=\"465\" height=\"311\" align=\"middle\" alt=\"\"><br \/>\nFoi para as costas e golpeou exaustivamente o amazonense quando precisou ser interrompido pelo \u00e1rbitro Leon Roberts aos 3 minutos e 24 segundos.<\/span><\/span><\/p>\n<p><span style=\"font-size: small;\"><span style=\"font-family: Verdana;\"> J\u00e1 o amazonense, iniciou bem a luta, mas foi perdendo o g\u00e1s round a round. Visivelmente mais forte, J\u00fanior se mostrou mais focado e viveu bons momentos na luta, acertando o rival com os tradicionais chutes que marcaram sua carreira, mas a cada chute que acertava, o rival absorvia bem os golpes e reagia surpreendendo Aldo, que virou alvo f\u00e1cil no \u00faltimo round.<br \/>\n<img decoding=\"async\" src=\"\/UserFiles\/Image\/esportes\/atletas\/jose_aldo_da_silva_oliveira_jr_petr_evgenyevich_yan_465b.jpg\" align=\"middle\" alt=\"\"><br \/>\nCom o resultado, Jos\u00e9 Aldo J\u00fanior amarga a terceira derrota seguida na organiza\u00e7\u00e3o e tem, agora, um cartel de 28 vit\u00f3rias, sete derrotas e nenhum empate. J\u00e1 Petr Yan soma 15 vit\u00f3rias e apenas uma derrota.<br \/>\n<\/span><\/span><span style=\"font-size: small;\"><span style=\"font-family: Verdana;\"><img decoding=\"async\" src=\"\/UserFiles\/Image\/esportes\/atletas\/jose_aldo_da_silva_oliveira_junior_465b.jpg\" align=\"middle\" alt=\"\"><\/span><\/span><\/p>\n<p><span style=\"color: rgb(0, 0, 128);\"><span style=\"font-size: medium;\"><span style=\"font-family: Arial;\"><strong>Instagram<\/strong><\/span><\/span><\/span><br \/>\nNa conta da rede social Instagram, @josealdojunioroficial, Jos\u00e9 Aldo publicou:<\/p>\n<p><span style=\"font-family: Arial;\"><em>Hoje acordei pensando no que dizer a todos, e o que tenho a falar \u00e9 que a derrota faz parte do esporte, faz parte da minha vida e s\u00f3 n\u00e3o perde aquele que n\u00e3o luta.<\/em><\/span><\/p>\n<p><em>Eu dei o meu m\u00e1ximo nessa luta, dei o m\u00e1ximo e o melhor nos treinos, dei o meu m\u00e1ximo na minha alimenta\u00e7\u00e3o, mesmo em tempos de pandemia eu batalhei pelo o que eu queria, mas infelizmente n\u00e3o deu.<\/p>\n<p><\/em><em><\/em><span style=\"font-size: small;\"><span style=\"font-family: Verdana;\"><span style=\"font-family: Arial;\"><em> Ningu\u00e9m mais do que eu queria muito esse cintur\u00e3o, queria muito fazer hist\u00f3ria mas o meu advers\u00e1rio se saiu melhor ontem e ele tem os seus m\u00e9ritos.<br \/>\n<\/em><\/span><\/span><\/span><img decoding=\"async\" src=\"\/UserFiles\/Image\/esportes\/atletas\/jose_aldo_da_silva_oliveira_junior_465a.jpg\" align=\"middle\" style=\"font-family: Verdana; font-size: small;\" alt=\"\"><span style=\"font-size: small;\"><span style=\"font-family: Verdana;\"><span style=\"font-family: Arial;\"><em><br \/>\nMas as pessoas tendem a carregar a ideia de um mundo perfeito e esquecem que perder uma batalha n\u00e3o te torna capaz de humilhar e muito menos descartar o outro.<\/em><\/span><\/span><\/span><\/p>\n<p><em>Empatia \u00e9 se colocar sempre no lugar do outro. Eu voltarei muito mais forte do que j\u00e1 sou.<\/p>\n<p>A minha gratid\u00e3o fica para minha equipe Nova Uni\u00e3o, aos meus amigos, f\u00e3s e minha fam\u00edlia a quem dedico o meu melhor todos os dias.<\/p>\n<p>For\u00e7a e honra sempre!<\/p>\n<p><\/em><em>Deus \u00e9 conosco<\/em> ????????<\/p>\n","protected":false},"excerpt":{"rendered":"<p>Tempo de leitura: 2 minutosNa luta que valia o cintur\u00e3o peso-galo do Ultimate Fighting Championship(UFC), o manauara Jos\u00e9 Aldo J\u00fanior [&hellip;]<\/p>\n","protected":false},"author":1,"featured_media":0,"comment_status":"open","ping_status":"open","sticky":false,"template":"","format":"standard","meta":[],"categories":[35],"tags":[],"amp_enabled":true,"_links":{"self":[{"href":"https:\/\/obeabadosertao.com.br\/portal\/wp-json\/wp\/v2\/posts\/8934"}],"collection":[{"href":"https:\/\/obeabadosertao.com.br\/portal\/wp-json\/wp\/v2\/posts"}],"about":[{"href":"https:\/\/obeabadosertao.com.br\/portal\/wp-json\/wp\/v2\/types\/post"}],"author":[{"embeddable":true,"href":"https:\/\/obeabadosertao.com.br\/portal\/wp-json\/wp\/v2\/users\/1"}],"replies":[{"embeddable":true,"href":"https:\/\/obeabadosertao.com.br\/portal\/wp-json\/wp\/v2\/comments?post=8934"}],"version-history":[{"count":1,"href":"https:\/\/obeabadosertao.com.br\/portal\/wp-json\/wp\/v2\/posts\/8934\/revisions"}],"predecessor-version":[{"id":9029,"href":"https:\/\/obeabadosertao.com.br\/portal\/wp-json\/wp\/v2\/posts\/8934\/revisions\/9029"}],"wp:attachment":[{"href":"https:\/\/obeabadosertao.com.br\/portal\/wp-json\/wp\/v2\/media?parent=8934"}],"wp:term":[{"taxonomy":"category","embeddable":true,"href":"https:\/\/obeabadosertao.com.br\/portal\/wp-json\/wp\/v2\/categories?post=8934"},{"taxonomy":"post_tag","embeddable":true,"href":"https:\/\/obeabadosertao.com.br\/portal\/wp-json\/wp\/v2\/tags?post=8934"}],"curies":[{"name":"wp","href":"https:\/\/api.w.org\/{rel}","templated":true}]}}