{"id":8963,"date":"2020-07-18T00:00:00","date_gmt":"2020-07-18T00:00:00","guid":{"rendered":""},"modified":"2020-07-25T22:19:43","modified_gmt":"2020-07-25T22:19:43","slug":"flamengo-anuncia-saida-do-tecnico-jorge-jesus","status":"publish","type":"post","link":"https:\/\/obeabadosertao.com.br\/portal\/2020\/07\/18\/flamengo-anuncia-saida-do-tecnico-jorge-jesus\/","title":{"rendered":"Flamengo anuncia sa\u00edda do t\u00e9cnico Jorge Jesus"},"content":{"rendered":"<div id=\"tt-temp-estim\">Tempo de leitura: 1 minuto<\/div><p style=\"text-align: justify;\"><span style=\"font-size: small;\"><span style=\"font-family: Verdana;\">O Flamengo anunciou no final da tarde desta sexta-feira(<span style=\"font-family: Arial;\">17Julho2020<\/span>) que o portugu\u00eas Jorge Jesus j\u00e1 n\u00e3o \u00e9 mais o t\u00e9cnico da sua equipe de futebol profissional.<\/span><\/span><br \/>\n<span style=\"font-size: small;\"><br \/>\n<span style=\"font-family: Verdana;\">Em uma <a href=\"https:\/\/www.flamengo.com.br\/noticias\/futebol\/nota-oficial---jorge-jesus-\"><span style=\"color: #000080;\"><strong>nota oficial<\/strong><\/span><\/a>, o Rubro-Negro exalta o trabalho do t\u00e9cnico.<\/span><\/span><br \/>\n<span style=\"font-size: small;\"><br \/>\n<strong><span style=\"font-family: Verdana;\">Jorge Jesus<\/span><\/strong><span style=\"font-family: Verdana;\"> teve uma passagem vitoriosa, de 13 meses, no comando do Flamengo, conquistando em 2019 a Copa Libertadores e o Campeonato Brasileiro. J\u00e1 em 2020 ele garantiu os t\u00edtulos da Supercopa do Brasil, da Recopa Sul-Americana, da Ta\u00e7a Guanabara e do Campeonato Carioca.<\/span><\/span><br \/>\n<span style=\"font-size: small;\"><img decoding=\"async\" src=\"https:\/\/www.obeabadosertao.com.br\/UserFiles\/Image\/esportes\/atletas\/jorge_fernando_pinheiro_de_jesus_tecnico_de_futebol_465a.jpg\" alt=\"\" align=\"middle\" \/><br \/>\n<span style=\"font-family: Verdana;\">\u201c<em>Em nome de toda a diretoria e dos 42 milh\u00f5es de rubro-negros que formam a Maior Torcida do Mundo, o nosso maior agradecimento a ele e toda sua comiss\u00e3o t\u00e9cnica por tudo o que foi feito e o nosso desejo que continuem mantendo o enorme sucesso como tiveram conosco<\/em>\u201d, diz a nota do time da G\u00e1vea.<\/span><\/span><br \/>\n<span style=\"font-size: small;\"><br \/>\n<span style=\"font-family: Verdana;\">Ap\u00f3s o an\u00fancio do Flamengo, o <a href=\"https:\/\/www.slbenfica.pt\/pt-PT\/Agora\/Noticias\/2020\/07\/17\/benfica-futebol-comunicado-treinador-jorge-jesus\"><span style=\"font-family: Verdana;\"><span style=\"color: #000080;\"><strong>Benfica de Portugal<\/strong><\/span><\/span><\/a> publicou em seu perfil no <a href=\"https:\/\/twitter.com\/SLBenfica\/status\/1284246556133163009\"><span style=\"color: #000080;\"><strong>Twitter<\/strong><\/span><\/a> o acerto com o treinador.<\/span><\/span><\/p>\n","protected":false},"excerpt":{"rendered":"<p>Tempo de leitura: 1 minutoO Flamengo anunciou no final da tarde desta sexta-feira(17Julho2020) que o portugu\u00eas Jorge Jesus j\u00e1 n\u00e3o [&hellip;]<\/p>\n","protected":false},"author":1,"featured_media":9218,"comment_status":"open","ping_status":"open","sticky":false,"template":"","format":"standard","meta":[],"categories":[35],"tags":[],"amp_enabled":true,"_links":{"self":[{"href":"https:\/\/obeabadosertao.com.br\/portal\/wp-json\/wp\/v2\/posts\/8963"}],"collection":[{"href":"https:\/\/obeabadosertao.com.br\/portal\/wp-json\/wp\/v2\/posts"}],"about":[{"href":"https:\/\/obeabadosertao.com.br\/portal\/wp-json\/wp\/v2\/types\/post"}],"author":[{"embeddable":true,"href":"https:\/\/obeabadosertao.com.br\/portal\/wp-json\/wp\/v2\/users\/1"}],"replies":[{"embeddable":true,"href":"https:\/\/obeabadosertao.com.br\/portal\/wp-json\/wp\/v2\/comments?post=8963"}],"version-history":[{"count":2,"href":"https:\/\/obeabadosertao.com.br\/portal\/wp-json\/wp\/v2\/posts\/8963\/revisions"}],"predecessor-version":[{"id":9219,"href":"https:\/\/obeabadosertao.com.br\/portal\/wp-json\/wp\/v2\/posts\/8963\/revisions\/9219"}],"wp:featuredmedia":[{"embeddable":true,"href":"https:\/\/obeabadosertao.com.br\/portal\/wp-json\/wp\/v2\/media\/9218"}],"wp:attachment":[{"href":"https:\/\/obeabadosertao.com.br\/portal\/wp-json\/wp\/v2\/media?parent=8963"}],"wp:term":[{"taxonomy":"category","embeddable":true,"href":"https:\/\/obeabadosertao.com.br\/portal\/wp-json\/wp\/v2\/categories?post=8963"},{"taxonomy":"post_tag","embeddable":true,"href":"https:\/\/obeabadosertao.com.br\/portal\/wp-json\/wp\/v2\/tags?post=8963"}],"curies":[{"name":"wp","href":"https:\/\/api.w.org\/{rel}","templated":true}]}}