{"id":8968,"date":"2020-07-19T00:00:00","date_gmt":"2020-07-19T00:01:00","guid":{"rendered":""},"modified":"2020-07-25T22:57:36","modified_gmt":"2020-07-25T22:57:36","slug":"morre-o-deputado-estadual-paraibano-genival-matias","status":"publish","type":"post","link":"https:\/\/obeabadosertao.com.br\/portal\/2020\/07\/19\/morre-o-deputado-estadual-paraibano-genival-matias\/","title":{"rendered":"Morre o deputado estadual paraibano Genival Matias"},"content":{"rendered":"<div id=\"tt-temp-estim\">Tempo de leitura: 1 minuto<\/div><p style=\"text-align: justify;\"><span style=\"font-size: small;\"><span style=\"font-family: Verdana;\">O deputado Estadual, Genival Matias de Oliveira J\u00fanior(<span style=\"font-family: Arial;\">Avante<\/span>), atual vice-presidente da Assembleia Legislativa, com atua\u00e7\u00e3o na regi\u00e3o do Cariri Paraibano, sofreu um mal s\u00fabito enquanto pilotava um JetSki na manh\u00e3 deste domingo(<span style=\"font-family: Arial;\">19Julho2020<\/span>).<\/span><\/span><\/p>\n<p>De acordo com as informa\u00e7\u00f5es, Genilva Matias(<span style=\"font-family: Arial;\">53 anos<\/span>), que era irm\u00e3o do prefeito de Juazeirinho, Bevilacqua Matias, estava acompanhado do deputado Felipe Leit\u00e3o e um grupo de amigos, na\u00a0Praia de Serrambi, do munic\u00edpio de Ipojuca, localizada no litoral sul pernambucano, distante 70 quilometros do Recife(<span style=\"font-family: Arial;\">PE<\/span>) quando saiu para navegar num Jetski e foi v\u00edtima de um infarto fulminante, caindo da embarca\u00e7\u00e3o n\u00e1utica.<\/p>\n<p><img fetchpriority=\"high\" decoding=\"async\" src=\"\/UserFiles\/Image\/politicos\/deputado_estadual_pb_genival_matias_de_oliveira_filho_465.jpg\" alt=\"\" width=\"465\" height=\"311\" align=\"middle\" \/><br \/>\n<span style=\"color: #000080;\"><strong><span style=\"font-size: medium;\"><span style=\"font-family: Arial;\"><br \/>\nPerfil<\/span><\/span><\/strong><\/span><br \/>\nEleito vice-presidente da Assembleia Legislativa na atual Legislatura, o empres\u00e1rio <strong>Genival Matias<\/strong> tornou-se deputado estadual em 2010, pelo Partido Trabalhista do Brasil(<span style=\"font-family: Arial;\">PTB<\/span>).<\/p>\n<p>Matias foi reeleito em 2014 e chega ao seu terceiro mandato na Casa. Empres\u00e1rio do ramo da minera\u00e7\u00e3o e da constru\u00e7\u00e3o civil, herdou a pol\u00edtica de seu pai, o juiz federal Genival Matias, que foi vice-prefeito de Juazeirinho, no Serid\u00f3 paraibano.<\/p>\n<p>Atualmente, \u00e9 presidente estadual do seu partido, o Avante.<\/p>\n<p>Al\u00e9m de membro da Mesa Diretora, Genival Matias comp\u00f5e tamb\u00e9m a Comiss\u00e3o de Direitos das Pessoas com Defici\u00eancia.<\/p>\n<p>Com sua morte assume a vaga na Assembl\u00e9ia Legislativa o primeiro suplente da coliga\u00e7ao Anis\u00edo Maia(<span style=\"font-family: Arial;\">PT<\/span>).<\/p>\n<p><span style=\"font-size: small;\"><span style=\"font-family: Verdana;\">Em nota, a assessoria de imprensa do deputado estadual Adriano Galdino, Presidente da Assembleia Legislativa da Para\u00edba se posicionou:<\/span><\/span><\/p>\n<p style=\"text-align: justify;\"><span style=\"font-size: small;\"><span style=\"font-family: Verdana;\">&#8220;<em>\u00c9 com profundo pesar que a Assembleia Legislativa da Para\u00edba(<span style=\"font-family: Arial;\">ALPB<\/span>) vem a p\u00fablico comunicar o falecimento do deputado estadual Genival Matias, vice-presidente da Casa Epit\u00e1cio Pessoa. De acordo com as primeiras informa\u00e7\u00f5es, o deputado estava em um passeio de jet ski em Pernambuco e sofreu um mal s\u00fabito vindo a \u00f3bito.<\/em><\/span><\/span><\/p>\n<p style=\"text-align: justify;\"><span style=\"font-size: small;\"><span style=\"font-family: Verdana;\"><em>Ainda segundo informa\u00e7\u00f5es preliminares n\u00e3o se tratou de um acidente como j\u00e1 se especula e tamb\u00e9m n\u00e3o h\u00e1 outras v\u00edtimas.<\/em><\/span><\/span><\/p>\n<p style=\"text-align: justify;\"><span style=\"font-size: small;\"><span style=\"font-family: Verdana;\"><em>O presidente da Assembleia, deputado Adriano Galdino, disse est\u00e1 extremamente consternado com falecimento prematuro de Genival, um irm\u00e3o que a vida p\u00fablica lhe deu. Galdino tamb\u00e9m prestou solidariedade aos familiares e amigos<\/em>&#8220;.<\/span><\/span><\/p>\n","protected":false},"excerpt":{"rendered":"<p>Tempo de leitura: 1 minutoO deputado Estadual, Genival Matias de Oliveira J\u00fanior(Avante), atual vice-presidente da Assembleia Legislativa, com atua\u00e7\u00e3o na [&hellip;]<\/p>\n","protected":false},"author":1,"featured_media":9256,"comment_status":"open","ping_status":"open","sticky":false,"template":"","format":"standard","meta":[],"categories":[37],"tags":[],"amp_enabled":true,"_links":{"self":[{"href":"https:\/\/obeabadosertao.com.br\/portal\/wp-json\/wp\/v2\/posts\/8968"}],"collection":[{"href":"https:\/\/obeabadosertao.com.br\/portal\/wp-json\/wp\/v2\/posts"}],"about":[{"href":"https:\/\/obeabadosertao.com.br\/portal\/wp-json\/wp\/v2\/types\/post"}],"author":[{"embeddable":true,"href":"https:\/\/obeabadosertao.com.br\/portal\/wp-json\/wp\/v2\/users\/1"}],"replies":[{"embeddable":true,"href":"https:\/\/obeabadosertao.com.br\/portal\/wp-json\/wp\/v2\/comments?post=8968"}],"version-history":[{"count":1,"href":"https:\/\/obeabadosertao.com.br\/portal\/wp-json\/wp\/v2\/posts\/8968\/revisions"}],"predecessor-version":[{"id":9257,"href":"https:\/\/obeabadosertao.com.br\/portal\/wp-json\/wp\/v2\/posts\/8968\/revisions\/9257"}],"wp:featuredmedia":[{"embeddable":true,"href":"https:\/\/obeabadosertao.com.br\/portal\/wp-json\/wp\/v2\/media\/9256"}],"wp:attachment":[{"href":"https:\/\/obeabadosertao.com.br\/portal\/wp-json\/wp\/v2\/media?parent=8968"}],"wp:term":[{"taxonomy":"category","embeddable":true,"href":"https:\/\/obeabadosertao.com.br\/portal\/wp-json\/wp\/v2\/categories?post=8968"},{"taxonomy":"post_tag","embeddable":true,"href":"https:\/\/obeabadosertao.com.br\/portal\/wp-json\/wp\/v2\/tags?post=8968"}],"curies":[{"name":"wp","href":"https:\/\/api.w.org\/{rel}","templated":true}]}}