{"id":915,"date":"2007-04-13T00:00:00","date_gmt":"2007-04-24T00:00:00","guid":{"rendered":""},"modified":"2007-04-13T00:00:00","modified_gmt":"2007-04-13T00:00:00","slug":"Diretor-Nacional-da-PF-recebe-Cidadania-Paraibana","status":"publish","type":"post","link":"https:\/\/obeabadosertao.com.br\/portal\/2007\/04\/13\/Diretor-Nacional-da-PF-recebe-Cidadania-Paraibana\/","title":{"rendered":"Diretor Nacional da PF recebe Cidadania Paraibana"},"content":{"rendered":"<div id=\"tt-temp-estim\">Tempo de leitura: 2 minutos<\/div><p align=\"justify\"><font face=\"Verdana\"><strong><em>Da reda&ccedil;&atilde;o do B&ecirc;-&aacute;-b&aacute; do Sert&atilde;o<\/em><\/strong><\/font> <\/p>\n<p><font size=\"2\"><font face=\"Verdana\"><strong>Jo&atilde;o Pessoa(PB)<\/strong> &ndash; O Delegado de Carreira da Pol&iacute;cia Federal, Zilmar Pimentel dos Santos, recebeu oficialmente na tarde da sexta-feira(13Abr2007), durante a realiza&ccedil;&atilde;o de sess&atilde;o especial solene de outorga de t&iacute;tulo, no plen&aacute;rio &ldquo;<em>Deputado Jos&eacute; Mariz<\/em>&rdquo;, da Assembl&eacute;ia Legislativa do Estado da Para&iacute;ba, o t&iacute;tulo de Cidadania Paraibana, numa propositura aprovada por apresenta&ccedil;&atilde;o do ex-deputado estadual Gilvan Freire, quando no exerc&iacute;cio do mandato, a qual foi aprovada por unanimidade pela Casa Legislativa de Epit&aacute;cio Pessoa.<\/p>\n<p>\nA sess&atilde;o presidida pelo Deputado Estadual Ricardo Barbosa, foi prestigiada pelo Governador em exerc&iacute;cio Jos&eacute; Lacerda Neto, pelo Deputado Estadual Gilvan Freire, e por Delegados, agentes, papiloscopistas e servidores de outros setores da Pol&iacute;cia Federal, os quais presenciaram o importante momento marcado pela tom de emo&ccedil;&atilde;o dos discursos.<\/p>\n<p>\nSaudando o mais novo cidad&atilde;o paraibano, o ex-deputado Estadual Gilvan Freire, em feliz orat&oacute;ria, revelou a toda a sociedade presente, o brilhante e vasto curr&iacute;culo do homenageado que com esfor&ccedil;o pr&oacute;prio firmado na compet&ecirc;ncia e honestidade, galgou elevados postos, destacando a sua condi&ccedil;&atilde;o de negro, oriundo de uma fam&iacute;lia muito pobre, &ldquo;<em>que conseguiu, &agrave; custa de muito esfor&ccedil;o, garra e dedica&ccedil;&atilde;o, alcan&ccedil;ar uma posi&ccedil;&atilde;o de destaquea no comando de uma das mais importantes e respeitadas institui&ccedil;&otilde;es do pa&iacute;s<\/em>&rdquo;.<\/p>\n<p>\nEm sua fala o delegado homenageado Zilmar Pimentel, por sua vez, tamb&eacute;m n&atilde;o poupou emo&ccedil;&atilde;o no seu discurso, ao relatar as dificuldades que passou na inf&acirc;ncia e na adolesc&ecirc;ncia, tendo sido criado por uma simples lavadeira e sem contar com a importante presen&ccedil;a de um pai. &ldquo;<em>Dizem que neste pa&iacute;s n&atilde;o existe preconceitos, mas tudo n&atilde;o passa de fantasia. Na verdade existe, sim, n&atilde;o s&oacute; de cor, mas tamb&eacute;m de religi&atilde;o(fui muito discriminado por tamb&eacute;m ser evang&eacute;lico). Mas o pior de todos os preconceitos deste pa&iacute;s &eacute; o social. Este sim precisa ser erradicado o mais r&aacute;pido poss&iacute;vel<\/em>&rdquo; &ndash; declarou emocionado arrancando aplausos do p&uacute;blico presente no plen&aacute;rio, revelando ainda passagens da voca&ccedil;&atilde;o profissional galgada sempre de forma retil&iacute;nea. &Aacute;p&oacute;s o encerramento dos trabalhos legislativos foi oferecido um coquetel aos presentes.<\/p>\n<p><font face=\"Arial\" size=\"1\">Com portal <font color=\"#0000ff\">www.al.pb.gov.br <\/font>&#8211; <u>Jornalista <strong><font color=\"#ff0000\">Abelardo Oliveira<\/font><\/strong><\/u><\/font> <\/p>\n<p><strong><u><font face=\"Arial\" color=\"#ff0000\" size=\"4\">AS IMAGENS<\/font><\/u><\/strong> <\/p>\n<p><strong><font face=\"Arial\" color=\"#0000ff\" size=\"3\"><u>Galeria 1<\/u>:<\/font><\/strong> Confira &#8211; <em>com exclusividade<\/em> &#8211; as imagens da sess&atilde;o especial de outorga de T&iacute;tulo de Cidad&atilde;o Paraibano, ao Delegado de Pol&iacute;cia Federal Zilmar Pimentel dos Santos, ocorrida na tarde da sexta-feira(13Abr2007), no plen&aacute;rio &ldquo;<em>Deputado Jos&eacute; Mariz<\/em>&rdquo;, da Assembl&eacute;ia Legislativa do Estado da Para&iacute;ba. <\/p>\n<p><font face=\"Arial\" color=\"#0000ff\" size=\"3\"><strong><u>Galeria 2<\/u>:<\/strong><\/font> Confira imagens do edif&iacute;cio sede da Assembl&eacute;ia Legislativa do Estado da Para&iacute;ba. <\/font><\/font><br \/>\n&nbsp;<\/p>\n","protected":false},"excerpt":{"rendered":"<p>Jos\u00e9 Lacerda, Zilmar Pimentel, Gilvan Freire e Jo\u00e3o Gon\u00e7alves<\/p>\n","protected":false},"author":1,"featured_media":0,"comment_status":"open","ping_status":"","sticky":false,"template":"","format":"standard","meta":[],"categories":[19],"tags":[],"amp_enabled":true,"_links":{"self":[{"href":"https:\/\/obeabadosertao.com.br\/portal\/wp-json\/wp\/v2\/posts\/915"}],"collection":[{"href":"https:\/\/obeabadosertao.com.br\/portal\/wp-json\/wp\/v2\/posts"}],"about":[{"href":"https:\/\/obeabadosertao.com.br\/portal\/wp-json\/wp\/v2\/types\/post"}],"author":[{"embeddable":true,"href":"https:\/\/obeabadosertao.com.br\/portal\/wp-json\/wp\/v2\/users\/1"}],"replies":[{"embeddable":true,"href":"https:\/\/obeabadosertao.com.br\/portal\/wp-json\/wp\/v2\/comments?post=915"}],"version-history":[{"count":0,"href":"https:\/\/obeabadosertao.com.br\/portal\/wp-json\/wp\/v2\/posts\/915\/revisions"}],"wp:attachment":[{"href":"https:\/\/obeabadosertao.com.br\/portal\/wp-json\/wp\/v2\/media?parent=915"}],"wp:term":[{"taxonomy":"category","embeddable":true,"href":"https:\/\/obeabadosertao.com.br\/portal\/wp-json\/wp\/v2\/categories?post=915"},{"taxonomy":"post_tag","embeddable":true,"href":"https:\/\/obeabadosertao.com.br\/portal\/wp-json\/wp\/v2\/tags?post=915"}],"curies":[{"name":"wp","href":"https:\/\/api.w.org\/{rel}","templated":true}]}}