{"id":9405,"date":"2020-07-29T15:29:09","date_gmt":"2020-07-29T15:29:09","guid":{"rendered":"https:\/\/obeabadosertao.com.br\/portal\/?p=9405"},"modified":"2020-07-29T15:33:15","modified_gmt":"2020-07-29T15:33:15","slug":"mike-tyson-vai-tentar-arrancar-a-cabeca-do-cara-garante-tecnico-brasileiro","status":"publish","type":"post","link":"https:\/\/obeabadosertao.com.br\/portal\/2020\/07\/29\/mike-tyson-vai-tentar-arrancar-a-cabeca-do-cara-garante-tecnico-brasileiro\/","title":{"rendered":"\u2018Mike Tyson vai tentar arrancar a cabe\u00e7a do cara\u2019, pontua t\u00e9cnico brasileiro"},"content":{"rendered":"<div id=\"tt-temp-estim\">Tempo de leitura: 2 minutos<\/div><p><em><strong>Restando pouco mais de 1 m\u00eas para a luta, Cordeiro diz que Tyson ir\u00e1 come\u00e7ar a treinar com sparrings agora. E deve chamar at\u00e9 Gastelum para ajudar na tarefa.<\/strong><\/em><\/p>\n<p>Na volta aos ringues para uma exibi\u00e7\u00e3o contra Roy Jones Jr., no dia 12 de setembro, na Calif\u00f3rnia, Mike Tyson ter\u00e1 no seu c\u00f3rner o brasileiro Rafael Cordeiro, renomado t\u00e9cnico de MMA.<\/p>\n<p>Cordeiro, que acabou de voltar de Abu Dhabi, onde treinou os brasileiro Fabr\u00edcio Werdum e Maur\u00edcio Shogun em suas vit\u00f3rias no UFC, falou sobre a expectativa de ser t\u00e9cnico de Tyson na sua volta aos ringues, que ser\u00e1 em uma luta exibi\u00e7\u00e3o de 8 rounds e luvas de 12 on\u00e7as.<br \/>\n<img fetchpriority=\"high\" decoding=\"async\" class=\"size-full wp-image-9408 aligncenter\" src=\"https:\/\/obeabadosertao.com.br\/portal\/wp-content\/uploads\/2020\/07\/michael_gerald_tyson_465.jpg\" alt=\"\" width=\"465\" height=\"311\" \/>\u201cFoi um presente de Deus, nesse momento de pandemia, ter essa ben\u00e7\u00e3o de estar treinando um cara desses. A gente ficou treinando na garagem dele(Tyson) todo esse tempo. Momento muito especial. Um brasileiro, curitibano, que h\u00e1 12 anos mora nos Estados Unidos, ter essa oportunidade\u201d, disse Cordeiro, ao ESPN.com.br.<\/p>\n<p>Cordeiro \u00e9 dono da academia Kings MMA, uma das mais renomadas do mundo das lutas e j\u00e1 treinou Wanderlei Silva, Shogun, Werdum, Kelvin Gastelum, entre outros. No in\u00edcio da pandemia, v\u00eddeos dele na manopla com Tyson, de 54 anos, viralizaram nas redes sociais.<\/p>\n<p>O ex-campe\u00e3o dos peso-pesados virou um hit durante a paralisa\u00e7\u00e3o dos esportes, cogitou-se que ele enfrentaria Wanderlei Silva, at\u00e9 oficializar seu retorno aos ringues contra Roy Jones Jr.<br \/>\n<img decoding=\"async\" class=\"size-full wp-image-9409 aligncenter\" src=\"https:\/\/obeabadosertao.com.br\/portal\/wp-content\/uploads\/2020\/07\/michael_gerald_tyson_465b.jpg\" alt=\"\" width=\"465\" height=\"311\" \/>Preparando a volta aos 53 anos, Mike Tyson posta v\u00eddeo treinando com t\u00e9cnico brasileiro eleito melhor do mundo no MMAMesmo aos 53 anos, ex-lutador segue \u2018voando\u2019 &#8211; Instagram @miketyson .<\/p>\n<p>A dire\u00e7\u00e3o da Comiss\u00e3o Atl\u00e9tica do Estado da Calif\u00f3rnia garante o teor de exibi\u00e7\u00e3o da luta e diz que o \u00e1rbitro poder\u00e1 interromper o combate se o mesmo passar dos limites de exibi\u00e7\u00e3o. Por\u00e9m, n\u00e3o ser\u00e1 t\u00e3o f\u00e1cil convencer Tyson disso.<br \/>\n\u201cEle (Tyson) vai tentar arrancar a cabe\u00e7a do cara do come\u00e7o ao final, \u00e9 o jogo dele. Ele tem uma t\u00e9cnica refinad\u00edssima de boxe, a idade n\u00e3o pesou em nenhum momento, \u00e9 uma coisa absurda. Ele bate muito pesado\u201d, afirma Cordeiro.<\/p>\n<p>\u201cEu acho que vai ter (nocaute). O bicho treina muito forte, os caras n\u00e3o sabem brincar, s\u00e3o dois caras profissionais do boxe, n\u00e3o tem como fazer coreografia. Vai ser uma coisa legal\u201d, completou.<br \/>\n<img decoding=\"async\" class=\"size-full wp-image-9410 aligncenter\" src=\"https:\/\/obeabadosertao.com.br\/portal\/wp-content\/uploads\/2020\/07\/michael_gerald_tyson_465c.jpg\" alt=\"\" width=\"465\" height=\"311\" \/>Restando pouco mais de 1 m\u00eas para a luta, Cordeiro diz que Tyson ir\u00e1 come\u00e7ar a treinar com sparrings agora. E deve chamar at\u00e9 Gastelum para ajudar na tarefa.<\/p>\n<p>Com esquivas na velocidade da luz e socos brutais e barulhentos, Mike Tyson se mostra pronto para o retorno. Aos 53 anos de idade, lutador pretende voltar e j\u00e1 desafiou at\u00e9 Jon Jones.<\/p>\n<p>\u201cEle (Tyson) vai come\u00e7ar a fazer sparring essa semana, come\u00e7a uma nova fase. Temos uns bons meninos, tem o Kelvin Gastelum, vou trazer ele, trazer os meninos para estar somando nessa prepara\u00e7\u00e3o\u201d.<\/p>\n<p>Mike Tyson tem 50 vit\u00f3rias(44 por nocaute), seis derrotas e duas desist\u00eancias na carreira. Roy Jones Jr., de 51 anos, teve 66 vit\u00f3rias(47 por nocaute) e nove derrotas.<\/p>\n","protected":false},"excerpt":{"rendered":"<p>Tempo de leitura: 2 minutosRestando pouco mais de 1 m\u00eas para a luta, Cordeiro diz que Tyson ir\u00e1 come\u00e7ar a [&hellip;]<\/p>\n","protected":false},"author":1,"featured_media":9412,"comment_status":"open","ping_status":"open","sticky":false,"template":"","format":"standard","meta":[],"categories":[4,35,6],"tags":[],"amp_enabled":true,"_links":{"self":[{"href":"https:\/\/obeabadosertao.com.br\/portal\/wp-json\/wp\/v2\/posts\/9405"}],"collection":[{"href":"https:\/\/obeabadosertao.com.br\/portal\/wp-json\/wp\/v2\/posts"}],"about":[{"href":"https:\/\/obeabadosertao.com.br\/portal\/wp-json\/wp\/v2\/types\/post"}],"author":[{"embeddable":true,"href":"https:\/\/obeabadosertao.com.br\/portal\/wp-json\/wp\/v2\/users\/1"}],"replies":[{"embeddable":true,"href":"https:\/\/obeabadosertao.com.br\/portal\/wp-json\/wp\/v2\/comments?post=9405"}],"version-history":[{"count":5,"href":"https:\/\/obeabadosertao.com.br\/portal\/wp-json\/wp\/v2\/posts\/9405\/revisions"}],"predecessor-version":[{"id":9417,"href":"https:\/\/obeabadosertao.com.br\/portal\/wp-json\/wp\/v2\/posts\/9405\/revisions\/9417"}],"wp:featuredmedia":[{"embeddable":true,"href":"https:\/\/obeabadosertao.com.br\/portal\/wp-json\/wp\/v2\/media\/9412"}],"wp:attachment":[{"href":"https:\/\/obeabadosertao.com.br\/portal\/wp-json\/wp\/v2\/media?parent=9405"}],"wp:term":[{"taxonomy":"category","embeddable":true,"href":"https:\/\/obeabadosertao.com.br\/portal\/wp-json\/wp\/v2\/categories?post=9405"},{"taxonomy":"post_tag","embeddable":true,"href":"https:\/\/obeabadosertao.com.br\/portal\/wp-json\/wp\/v2\/tags?post=9405"}],"curies":[{"name":"wp","href":"https:\/\/api.w.org\/{rel}","templated":true}]}}